{"id":14971,"date":"2016-08-18T20:59:18","date_gmt":"2016-08-18T20:59:18","guid":{"rendered":""},"modified":"2016-08-18T20:59:18","modified_gmt":"2016-08-18T20:59:18","slug":"declaran-18-de-agosto-como-dia-de-mano-de-piedra-duran-en-miami","status":"publish","type":"post","link":"https:\/\/sertv.gob.pa\/nacionalfm\/declaran-18-de-agosto-como-dia-de-mano-de-piedra-duran-en-miami\/","title":{"rendered":"Declaran 18 de agosto como d\u00eda de \u201cMano de Piedra\u201d Dur\u00e1n en Miami"},"content":{"rendered":"<p>\nEl ex m\u00faltiple campe\u00f3n mundial paname\u00f1o Roberto &ldquo;Mano de Piedra&rdquo; Dur\u00e1n sigue escribiendo p\u00e1ginas hist\u00f3ricas, cuando el d\u00eda de hoy 18 de agosto ha sido declarado como d\u00eda de Roberto &ldquo;Mano de Piedra&rdquo; Dur\u00e1n en Miami. <\/p>\n<p>Roberto Dur\u00e1n se ha inmortalizado en el Hall de la Fama del Boxeo de Canastota New York, como el Los \u00c1ngeles, California y en su tierra natal Panam\u00e1 ha sido objeto de innumerables agasajos. <\/p>\n<p>Roberto Dur\u00e1n gan\u00f3 los t\u00edtulos mundiales de los ligeros ante el escoc\u00e9s Ken Buchanan, el peso welter ante Sugar Ray Leonare, Davey Moore en los superwelter y en los pesos medianos ante Iran Barkley. <\/p>\n","protected":false},"excerpt":{"rendered":"<p>El ex m\u00faltiple campe\u00f3n mundial paname\u00f1o Roberto &ldquo;Mano de Piedra&rdquo; <a href=\"https:\/\/sertv.gob.pa\/nacionalfm\/declaran-18-de-agosto-como-dia-de-mano-de-piedra-duran-en-miami\/\"> [&#8230;]<\/a><\/p>\n","protected":false},"author":1,"featured_media":14972,"comment_status":"closed","ping_status":"closed","sticky":false,"template":"","format":"standard","meta":{"footnotes":""},"categories":[4],"tags":[],"class_list":["post-14971","post","type-post","status-publish","format-standard","has-post-thumbnail","hentry","category-deportes"],"_links":{"self":[{"href":"https:\/\/sertv.gob.pa\/nacionalfm\/wp-json\/wp\/v2\/posts\/14971","targetHints":{"allow":["GET"]}}],"collection":[{"href":"https:\/\/sertv.gob.pa\/nacionalfm\/wp-json\/wp\/v2\/posts"}],"about":[{"href":"https:\/\/sertv.gob.pa\/nacionalfm\/wp-json\/wp\/v2\/types\/post"}],"author":[{"embeddable":true,"href":"https:\/\/sertv.gob.pa\/nacionalfm\/wp-json\/wp\/v2\/users\/1"}],"replies":[{"embeddable":true,"href":"https:\/\/sertv.gob.pa\/nacionalfm\/wp-json\/wp\/v2\/comments?post=14971"}],"version-history":[{"count":0,"href":"https:\/\/sertv.gob.pa\/nacionalfm\/wp-json\/wp\/v2\/posts\/14971\/revisions"}],"wp:featuredmedia":[{"embeddable":true,"href":"https:\/\/sertv.gob.pa\/nacionalfm\/wp-json\/wp\/v2\/media\/14972"}],"wp:attachment":[{"href":"https:\/\/sertv.gob.pa\/nacionalfm\/wp-json\/wp\/v2\/media?parent=14971"}],"wp:term":[{"taxonomy":"category","embeddable":true,"href":"https:\/\/sertv.gob.pa\/nacionalfm\/wp-json\/wp\/v2\/categories?post=14971"},{"taxonomy":"post_tag","embeddable":true,"href":"https:\/\/sertv.gob.pa\/nacionalfm\/wp-json\/wp\/v2\/tags?post=14971"}],"curies":[{"name":"wp","href":"https:\/\/api.w.org\/{rel}","templated":true}]}}