{"id":14973,"date":"2016-08-18T21:16:57","date_gmt":"2016-08-18T21:16:57","guid":{"rendered":""},"modified":"2016-08-18T21:16:57","modified_gmt":"2016-08-18T21:16:57","slug":"dan-a-conocer-oficiales-de-pelea-nica-concepcion-kohei-kono","status":"publish","type":"post","link":"https:\/\/sertv.gob.pa\/nacionalfm\/dan-a-conocer-oficiales-de-pelea-nica-concepcion-kohei-kono\/","title":{"rendered":"Dan a conocer oficiales de pelea \u201cNica\u201d Concepcion-Kohei Kono"},"content":{"rendered":"<p>\nYa se dieron a conocer los oficiales para la pelea de t\u00edtulo supermosca de la Asociaci\u00f3n Mundial de Boxeo el pr\u00f3ximo 31 de agosto en Tokio, Jap\u00f3n entre el campe\u00f3n en propiedad Kohei Kono y el campe\u00f3n interino el paname\u00f1o Luis &ldquo;El Nica&rdquo; Concepci\u00f3n. <\/p>\n<p>El supervisor del encuentro ser\u00e1 el estadounidense Robert Mark, el tercer hombre del cuadril\u00e1tero el conocido por la afici\u00f3n paname\u00f1a el puertorrique\u00f1o Luis Pav\u00f3n, los jueces ser\u00e1n el experimentado sudafricano Stanley Cristodulus, la tambi\u00e9n puertorrique\u00f1a Melva Santos y Philph Vervek de B\u00e9lgica. <\/p>\n<p>La informaci\u00f3n nos fue proporcionada por el vocero de la Asociaci\u00f3n Mundial de Boxeo Julio Tymes. <\/p>\n","protected":false},"excerpt":{"rendered":"<p>Ya se dieron a conocer los oficiales para la pelea <a href=\"https:\/\/sertv.gob.pa\/nacionalfm\/dan-a-conocer-oficiales-de-pelea-nica-concepcion-kohei-kono\/\"> [&#8230;]<\/a><\/p>\n","protected":false},"author":1,"featured_media":14974,"comment_status":"closed","ping_status":"closed","sticky":false,"template":"","format":"standard","meta":{"footnotes":""},"categories":[4],"tags":[],"class_list":["post-14973","post","type-post","status-publish","format-standard","has-post-thumbnail","hentry","category-deportes"],"_links":{"self":[{"href":"https:\/\/sertv.gob.pa\/nacionalfm\/wp-json\/wp\/v2\/posts\/14973","targetHints":{"allow":["GET"]}}],"collection":[{"href":"https:\/\/sertv.gob.pa\/nacionalfm\/wp-json\/wp\/v2\/posts"}],"about":[{"href":"https:\/\/sertv.gob.pa\/nacionalfm\/wp-json\/wp\/v2\/types\/post"}],"author":[{"embeddable":true,"href":"https:\/\/sertv.gob.pa\/nacionalfm\/wp-json\/wp\/v2\/users\/1"}],"replies":[{"embeddable":true,"href":"https:\/\/sertv.gob.pa\/nacionalfm\/wp-json\/wp\/v2\/comments?post=14973"}],"version-history":[{"count":0,"href":"https:\/\/sertv.gob.pa\/nacionalfm\/wp-json\/wp\/v2\/posts\/14973\/revisions"}],"wp:featuredmedia":[{"embeddable":true,"href":"https:\/\/sertv.gob.pa\/nacionalfm\/wp-json\/wp\/v2\/media\/14974"}],"wp:attachment":[{"href":"https:\/\/sertv.gob.pa\/nacionalfm\/wp-json\/wp\/v2\/media?parent=14973"}],"wp:term":[{"taxonomy":"category","embeddable":true,"href":"https:\/\/sertv.gob.pa\/nacionalfm\/wp-json\/wp\/v2\/categories?post=14973"},{"taxonomy":"post_tag","embeddable":true,"href":"https:\/\/sertv.gob.pa\/nacionalfm\/wp-json\/wp\/v2\/tags?post=14973"}],"curies":[{"name":"wp","href":"https:\/\/api.w.org\/{rel}","templated":true}]}}