{"id":14979,"date":"2016-08-19T14:59:41","date_gmt":"2016-08-19T14:59:41","guid":{"rendered":""},"modified":"2016-08-19T14:59:41","modified_gmt":"2016-08-19T14:59:41","slug":"edward-no-pudo-cumplir-su-objetivo-de-subir-al-podium-en-jo","status":"publish","type":"post","link":"https:\/\/sertv.gob.pa\/nacionalfm\/edward-no-pudo-cumplir-su-objetivo-de-subir-al-podium-en-jo\/","title":{"rendered":"Edward no pudo cumplir su objetivo de subir al p\u00f3dium en JO"},"content":{"rendered":"<p>\n El paname\u00f1o Alonso Edward no pudo cumplir su objetivo de estar en el p\u00f3dium en los Juegos Ol\u00edmpicos de R\u00edo de Janeiro, Brasil 2016, al ocupar la y s\u00e9ptima posici\u00f3n en la final de los 200 metros planos, con un crono de 20.23 segundos.  <\/p>\n<p> Al terminar la carrera, Edward indic\u00f3 que hab\u00eda sentido una molestia en la pierna derecha, situaci\u00f3n que no puso como excusa para su presentaci\u00f3n, en la cual se mantuvo entre los tres primeros lugares hasta los \u00faltimos 40 metros, donde comenz\u00f3 a rezagarse.  <\/p>\n<p> \u00abSent\u00ed la molestia como 15 minutos antes de la carrera, mi entrenador me dijo que no corriera, pero mi coraz\u00f3n de guerrero me dijo que ten\u00eda que hacerlo; as\u00ed que sal\u00ed a correr. Sent\u00ed la molestia y bueno, as\u00ed sucedieron las cosas\u00bb, relat\u00f3 el abanderado nacional.   <\/p>\n<p> Lejos de amilalarse, Edward precis\u00f3 que ser\u00e1 observado por sus m\u00e9dicos, para tener un diagn\u00f3stico preciso del problema, antes de continuar con la temporada.  <\/p>\n<p> \u00abEspero que solo haya sido un calabre, siento la molestia, tengo que hacer esa revisi\u00f3n, esperando que no sea nada grave, porque mi prop\u00f3sito es continuar la temporada en la Liga Diamante, en Lausana el pr\u00f3ximo mes, donde es la siguiente parada\u00bb, explic\u00f3 Edward.  <\/p>\n<p> Por su parte, el presidente del Comit\u00e9 Ol\u00edmpico de Panam\u00e1, Camilo Amado, ponder\u00f3 la actuaci\u00f3n de Edward, que le ha pemitido al deporte paname\u00f1o obtener su sexto certificado ol\u00edmpico, como finalista en estas competencias.  <\/p>\n<p> \u00abAlonso dio su mejor esfuerzo. No estamos defraudados. \u00c9l tiene todav\u00eda una carrera ol\u00edmpica por delante, seguir\u00e1 recibiendo nuestro apoyo, y seguro que volver\u00e1 a representarnos en pr\u00f3ximos eventos imprtantes\u00bb, indic\u00f3.  <\/p>\n<p> La carrera fue ganada por el jamaiquino Usaint Bolt, con una marca de 19.78 para la distancia y super\u00f3 al canadiense Andre De Grasse con 20.02 y al franc\u00e9s Christopher Lamaitre d  <\/p>\n","protected":false},"excerpt":{"rendered":"<p>El paname\u00f1o Alonso Edward no pudo cumplir su objetivo de <a href=\"https:\/\/sertv.gob.pa\/nacionalfm\/edward-no-pudo-cumplir-su-objetivo-de-subir-al-podium-en-jo\/\"> [&#8230;]<\/a><\/p>\n","protected":false},"author":1,"featured_media":14980,"comment_status":"closed","ping_status":"closed","sticky":false,"template":"","format":"standard","meta":{"footnotes":""},"categories":[4],"tags":[],"class_list":["post-14979","post","type-post","status-publish","format-standard","has-post-thumbnail","hentry","category-deportes"],"_links":{"self":[{"href":"https:\/\/sertv.gob.pa\/nacionalfm\/wp-json\/wp\/v2\/posts\/14979","targetHints":{"allow":["GET"]}}],"collection":[{"href":"https:\/\/sertv.gob.pa\/nacionalfm\/wp-json\/wp\/v2\/posts"}],"about":[{"href":"https:\/\/sertv.gob.pa\/nacionalfm\/wp-json\/wp\/v2\/types\/post"}],"author":[{"embeddable":true,"href":"https:\/\/sertv.gob.pa\/nacionalfm\/wp-json\/wp\/v2\/users\/1"}],"replies":[{"embeddable":true,"href":"https:\/\/sertv.gob.pa\/nacionalfm\/wp-json\/wp\/v2\/comments?post=14979"}],"version-history":[{"count":0,"href":"https:\/\/sertv.gob.pa\/nacionalfm\/wp-json\/wp\/v2\/posts\/14979\/revisions"}],"wp:featuredmedia":[{"embeddable":true,"href":"https:\/\/sertv.gob.pa\/nacionalfm\/wp-json\/wp\/v2\/media\/14980"}],"wp:attachment":[{"href":"https:\/\/sertv.gob.pa\/nacionalfm\/wp-json\/wp\/v2\/media?parent=14979"}],"wp:term":[{"taxonomy":"category","embeddable":true,"href":"https:\/\/sertv.gob.pa\/nacionalfm\/wp-json\/wp\/v2\/categories?post=14979"},{"taxonomy":"post_tag","embeddable":true,"href":"https:\/\/sertv.gob.pa\/nacionalfm\/wp-json\/wp\/v2\/tags?post=14979"}],"curies":[{"name":"wp","href":"https:\/\/api.w.org\/{rel}","templated":true}]}}