{"id":1498,"date":"2014-09-10T05:00:00","date_gmt":"2014-09-10T05:00:00","guid":{"rendered":""},"modified":"2014-09-10T05:00:00","modified_gmt":"2014-09-10T05:00:00","slug":"jornada-de-salud-gratuita-se-efectua-en-la-provincia-herrera","status":"publish","type":"post","link":"https:\/\/sertv.gob.pa\/nacionalfm\/jornada-de-salud-gratuita-se-efectua-en-la-provincia-herrera\/","title":{"rendered":"Jornada de salud gratuita se efect\u00faa en la provincia Herrera"},"content":{"rendered":"<p>\nCerca de 34, han sido las \u00a0cirug\u00edas de esterilizaci\u00f3n femenina gratuitas y ambulatorias que se viene realizando en una jornada que dio comienzo a partir del martes, 9 y que se prolongar\u00e1 hasta el jueves, 11 de septiembre, en el corregimiento de El Pedregoso de Pes\u00e9, en la provincia de Herrera. Esta gesti\u00f3n se enfocar\u00e1 en \u00a0pacientes de escasos recursos y de \u00e1reas de dif\u00edcil acceso de dicha regi\u00f3n, as\u00ed como de Los Pozos y Las Minas. <\/p>\n<p>Cabe mencionar, que en la Jornada de Atenci\u00f3n Primaria Ambulatoria (JAPA), del mismo modo, se brind\u00f3 cirug\u00edas menores y ex\u00e1menes especializados gratuitos para los pobladores captados a trav\u00e9s de los centros de salud.\u00a0 @nacionalFm <\/p>\n","protected":false},"excerpt":{"rendered":"<p>Cerca de 34, han sido las \u00a0cirug\u00edas de esterilizaci\u00f3n femenina <a href=\"https:\/\/sertv.gob.pa\/nacionalfm\/jornada-de-salud-gratuita-se-efectua-en-la-provincia-herrera\/\"> [&#8230;]<\/a><\/p>\n","protected":false},"author":1,"featured_media":1499,"comment_status":"closed","ping_status":"closed","sticky":false,"template":"","format":"standard","meta":{"footnotes":""},"categories":[5],"tags":[],"class_list":["post-1498","post","type-post","status-publish","format-standard","has-post-thumbnail","hentry","category-salud"],"_links":{"self":[{"href":"https:\/\/sertv.gob.pa\/nacionalfm\/wp-json\/wp\/v2\/posts\/1498","targetHints":{"allow":["GET"]}}],"collection":[{"href":"https:\/\/sertv.gob.pa\/nacionalfm\/wp-json\/wp\/v2\/posts"}],"about":[{"href":"https:\/\/sertv.gob.pa\/nacionalfm\/wp-json\/wp\/v2\/types\/post"}],"author":[{"embeddable":true,"href":"https:\/\/sertv.gob.pa\/nacionalfm\/wp-json\/wp\/v2\/users\/1"}],"replies":[{"embeddable":true,"href":"https:\/\/sertv.gob.pa\/nacionalfm\/wp-json\/wp\/v2\/comments?post=1498"}],"version-history":[{"count":0,"href":"https:\/\/sertv.gob.pa\/nacionalfm\/wp-json\/wp\/v2\/posts\/1498\/revisions"}],"wp:featuredmedia":[{"embeddable":true,"href":"https:\/\/sertv.gob.pa\/nacionalfm\/wp-json\/wp\/v2\/media\/1499"}],"wp:attachment":[{"href":"https:\/\/sertv.gob.pa\/nacionalfm\/wp-json\/wp\/v2\/media?parent=1498"}],"wp:term":[{"taxonomy":"category","embeddable":true,"href":"https:\/\/sertv.gob.pa\/nacionalfm\/wp-json\/wp\/v2\/categories?post=1498"},{"taxonomy":"post_tag","embeddable":true,"href":"https:\/\/sertv.gob.pa\/nacionalfm\/wp-json\/wp\/v2\/tags?post=1498"}],"curies":[{"name":"wp","href":"https:\/\/api.w.org\/{rel}","templated":true}]}}