{"id":14983,"date":"2016-08-19T15:22:52","date_gmt":"2016-08-19T15:22:52","guid":{"rendered":""},"modified":"2016-08-19T15:22:52","modified_gmt":"2016-08-19T15:22:52","slug":"carolina-cartens-no-logra-combate-de-repechaje-en-rio-2016","status":"publish","type":"post","link":"https:\/\/sertv.gob.pa\/nacionalfm\/carolina-cartens-no-logra-combate-de-repechaje-en-rio-2016\/","title":{"rendered":"Carolina Cartens no logra combate de repechaje en R\u00edo 2016"},"content":{"rendered":"<p>\nEliminada finaliz\u00f3 la paname\u00f1a Carolina Cartens en el Taekwondo de los Juegos Ol\u00edmpicos en R\u00edo de Janeiro y no pudo entrar en el medallero. <\/p>\n<p>Carstens, quien hab\u00eda perdido 13-1 su combate eliminatorio ante la belga Raheleh Asemani, depend\u00eda de que \u00e9sta pudiera seguir avanzando hasta llegar a una posible disputa de la medalla de oro, situaci\u00f3n que le hubiera permitido llegar a un combate de repechaje y la disputa de una medalla de bronce. <\/p>\n<p>No obstante, Asemani perdi\u00f3 en cuartos de final por 7-2 contra la brit\u00e1nica Jade Jones, esfumando as\u00ed las opciones de la compatriota. Jones result\u00f3 superior a la belga, anot\u00e1ndose puntos en base a velocidad y precisi\u00f3n, sin desperdiciar oportunidades. <\/p>\n<p>Carstens se vio superada por Asemani, quien desde el principio tom\u00f3 control del pleito, anotando un 6-0 en el primer cap\u00edtulo; ya en el segundo tramo, la paname\u00f1a arriesg\u00f3 m\u00e1s en la ofensiva, lo que hizo que descuidara su defensa, aprovechando la europea para anotarse puntos y con ello, una victoria holgada. <\/p>\n<p>A los 20 a\u00f1os, Carolena Carstens asisti\u00f3 por segunda ocasi\u00f3n en representaci\u00f3n de Panam\u00e1 a los Juegos Ol\u00edmpicos. <\/p>\n","protected":false},"excerpt":{"rendered":"<p>Eliminada finaliz\u00f3 la paname\u00f1a Carolina Cartens en el Taekwondo de <a href=\"https:\/\/sertv.gob.pa\/nacionalfm\/carolina-cartens-no-logra-combate-de-repechaje-en-rio-2016\/\"> [&#8230;]<\/a><\/p>\n","protected":false},"author":1,"featured_media":14984,"comment_status":"closed","ping_status":"closed","sticky":false,"template":"","format":"standard","meta":{"footnotes":""},"categories":[4],"tags":[],"class_list":["post-14983","post","type-post","status-publish","format-standard","has-post-thumbnail","hentry","category-deportes"],"_links":{"self":[{"href":"https:\/\/sertv.gob.pa\/nacionalfm\/wp-json\/wp\/v2\/posts\/14983","targetHints":{"allow":["GET"]}}],"collection":[{"href":"https:\/\/sertv.gob.pa\/nacionalfm\/wp-json\/wp\/v2\/posts"}],"about":[{"href":"https:\/\/sertv.gob.pa\/nacionalfm\/wp-json\/wp\/v2\/types\/post"}],"author":[{"embeddable":true,"href":"https:\/\/sertv.gob.pa\/nacionalfm\/wp-json\/wp\/v2\/users\/1"}],"replies":[{"embeddable":true,"href":"https:\/\/sertv.gob.pa\/nacionalfm\/wp-json\/wp\/v2\/comments?post=14983"}],"version-history":[{"count":0,"href":"https:\/\/sertv.gob.pa\/nacionalfm\/wp-json\/wp\/v2\/posts\/14983\/revisions"}],"wp:featuredmedia":[{"embeddable":true,"href":"https:\/\/sertv.gob.pa\/nacionalfm\/wp-json\/wp\/v2\/media\/14984"}],"wp:attachment":[{"href":"https:\/\/sertv.gob.pa\/nacionalfm\/wp-json\/wp\/v2\/media?parent=14983"}],"wp:term":[{"taxonomy":"category","embeddable":true,"href":"https:\/\/sertv.gob.pa\/nacionalfm\/wp-json\/wp\/v2\/categories?post=14983"},{"taxonomy":"post_tag","embeddable":true,"href":"https:\/\/sertv.gob.pa\/nacionalfm\/wp-json\/wp\/v2\/tags?post=14983"}],"curies":[{"name":"wp","href":"https:\/\/api.w.org\/{rel}","templated":true}]}}