{"id":14985,"date":"2016-08-19T15:44:58","date_gmt":"2016-08-19T15:44:58","guid":{"rendered":""},"modified":"2016-08-19T15:44:58","modified_gmt":"2016-08-19T15:44:58","slug":"santa-gema-en-busca-de-su-primer-triunfo-en-la-lpf","status":"publish","type":"post","link":"https:\/\/sertv.gob.pa\/nacionalfm\/santa-gema-en-busca-de-su-primer-triunfo-en-la-lpf\/","title":{"rendered":"Santa Gema en busca de su primer triunfo en la LPF"},"content":{"rendered":"<p>\nSanta Gema buscar\u00e1 su primer triunfo en la Liga Paname\u00f1a de F\u00fatbol cuando se mida hoy viernes 19 de agosto al Alianza FC en el estadio Oscar Suman Carrillo de la Universidad de Panam\u00e1 a las 9:00 de la noche. <\/p>\n<p>Los santagemosos no han podido desplegar el juego que los llev\u00f3 a coronarse supercampeones de la Liga Nacional de Ascenso y han llegado a la sexta jornada de este Torneo Apertura sin haber conseguido el triunfo, anotando un gol y sumando un solo punto. Un balance totalmente\u00a0distinto del que ten\u00edan a estas alturas en la liga de ascenso del torneo anterior, llegando a la sexta jornada con 10 puntos y 9 goles anotados. <\/p>\n<p>El Alianza FC, por su parte, tuvo un buen arranque de torneo, sumando 6 puntos en las tres primeras jornadas y anotando muchos goles. Sin embargo, la gran falencia del equipo ha estado en el aspecto defensivo, concediendo 9 goles \u00a0para as\u00ed ser el equipo m\u00e1s goleado del torneo. <\/p>\n","protected":false},"excerpt":{"rendered":"<p>Santa Gema buscar\u00e1 su primer triunfo en la Liga Paname\u00f1a <a href=\"https:\/\/sertv.gob.pa\/nacionalfm\/santa-gema-en-busca-de-su-primer-triunfo-en-la-lpf\/\"> [&#8230;]<\/a><\/p>\n","protected":false},"author":1,"featured_media":14986,"comment_status":"closed","ping_status":"closed","sticky":false,"template":"","format":"standard","meta":{"footnotes":""},"categories":[4],"tags":[],"class_list":["post-14985","post","type-post","status-publish","format-standard","has-post-thumbnail","hentry","category-deportes"],"_links":{"self":[{"href":"https:\/\/sertv.gob.pa\/nacionalfm\/wp-json\/wp\/v2\/posts\/14985","targetHints":{"allow":["GET"]}}],"collection":[{"href":"https:\/\/sertv.gob.pa\/nacionalfm\/wp-json\/wp\/v2\/posts"}],"about":[{"href":"https:\/\/sertv.gob.pa\/nacionalfm\/wp-json\/wp\/v2\/types\/post"}],"author":[{"embeddable":true,"href":"https:\/\/sertv.gob.pa\/nacionalfm\/wp-json\/wp\/v2\/users\/1"}],"replies":[{"embeddable":true,"href":"https:\/\/sertv.gob.pa\/nacionalfm\/wp-json\/wp\/v2\/comments?post=14985"}],"version-history":[{"count":0,"href":"https:\/\/sertv.gob.pa\/nacionalfm\/wp-json\/wp\/v2\/posts\/14985\/revisions"}],"wp:featuredmedia":[{"embeddable":true,"href":"https:\/\/sertv.gob.pa\/nacionalfm\/wp-json\/wp\/v2\/media\/14986"}],"wp:attachment":[{"href":"https:\/\/sertv.gob.pa\/nacionalfm\/wp-json\/wp\/v2\/media?parent=14985"}],"wp:term":[{"taxonomy":"category","embeddable":true,"href":"https:\/\/sertv.gob.pa\/nacionalfm\/wp-json\/wp\/v2\/categories?post=14985"},{"taxonomy":"post_tag","embeddable":true,"href":"https:\/\/sertv.gob.pa\/nacionalfm\/wp-json\/wp\/v2\/tags?post=14985"}],"curies":[{"name":"wp","href":"https:\/\/api.w.org\/{rel}","templated":true}]}}