{"id":14991,"date":"2016-08-19T16:38:14","date_gmt":"2016-08-19T16:38:14","guid":{"rendered":""},"modified":"2016-08-19T16:38:14","modified_gmt":"2016-08-19T16:38:14","slug":"israel-hidrogo-entra-en-el-ranking-de-la-amb-sale-pan-blanco","status":"publish","type":"post","link":"https:\/\/sertv.gob.pa\/nacionalfm\/israel-hidrogo-entra-en-el-ranking-de-la-amb-sale-pan-blanco\/","title":{"rendered":"Israel Hidrogo entra en el ranking de la AMB, sale \u201cPan Blanco\u201d"},"content":{"rendered":"<p>\nLa Asociaci\u00f3n Mundial de Boxeo le hizo justicia a Israel Hidrogo y lo incluy\u00f3 en el listado de esa entidad, en la casilla n\u00famero 15 de los supermoscas, donde reina el japon\u00e9s Kohei Kono y el campe\u00f3n interino es el tambi\u00e9n paname\u00f1o Luis &ldquo;El Nica&rdquo; Concepci\u00f3n. <\/p>\n<p>Otras novedades de las clasificaciones de la AMB, son la salida del ranking en los pesos minimoscas de Luis &ldquo;Pan Blanco&rdquo; R\u00edos, obviamente luego de su derrota por decisi\u00f3n un\u00e1nime ante el chiricano Israel Hidrogo. <\/p>\n<p>Roberto &ldquo;La Ara\u00f1a&rdquo; V\u00e1squez fue bajado del octavo al noveno lugar, se entiende que debido a su inactividad, Guillermo &ldquo;El Felino&rdquo; Jones por su parte fue ascendido a la posici\u00f3n n\u00famero 13 en los pesos pesados. <\/p>\n<p>Se mantienen en su posici\u00f3n en los pesos m\u00ednimos Azael Villar en el casillero n\u00famero 13, el chiricano Bryan De Gracia en la s\u00e9ptima posici\u00f3n, Juan &ldquo;El Ol\u00edmpico&rdquo; Huertas, Jaime Arboleda de d\u00e9cimo segundo seguido de Ricardo &ldquo;El Cient\u00edfico&rdquo; N\u00fa\u00f1ez en decimotercer caj\u00f3n. <\/p>\n<p>Sayda &ldquo;La Bomba&rdquo; Mosquera se mantiene en el ranking femenino en la segunda posici\u00f3n de los pesos gallos. <\/p>\n<p>\u00a0 <\/p>\n","protected":false},"excerpt":{"rendered":"<p>La Asociaci\u00f3n Mundial de Boxeo le hizo justicia a Israel <a href=\"https:\/\/sertv.gob.pa\/nacionalfm\/israel-hidrogo-entra-en-el-ranking-de-la-amb-sale-pan-blanco\/\"> [&#8230;]<\/a><\/p>\n","protected":false},"author":1,"featured_media":14992,"comment_status":"closed","ping_status":"closed","sticky":false,"template":"","format":"standard","meta":{"footnotes":""},"categories":[4],"tags":[],"class_list":["post-14991","post","type-post","status-publish","format-standard","has-post-thumbnail","hentry","category-deportes"],"_links":{"self":[{"href":"https:\/\/sertv.gob.pa\/nacionalfm\/wp-json\/wp\/v2\/posts\/14991","targetHints":{"allow":["GET"]}}],"collection":[{"href":"https:\/\/sertv.gob.pa\/nacionalfm\/wp-json\/wp\/v2\/posts"}],"about":[{"href":"https:\/\/sertv.gob.pa\/nacionalfm\/wp-json\/wp\/v2\/types\/post"}],"author":[{"embeddable":true,"href":"https:\/\/sertv.gob.pa\/nacionalfm\/wp-json\/wp\/v2\/users\/1"}],"replies":[{"embeddable":true,"href":"https:\/\/sertv.gob.pa\/nacionalfm\/wp-json\/wp\/v2\/comments?post=14991"}],"version-history":[{"count":0,"href":"https:\/\/sertv.gob.pa\/nacionalfm\/wp-json\/wp\/v2\/posts\/14991\/revisions"}],"wp:featuredmedia":[{"embeddable":true,"href":"https:\/\/sertv.gob.pa\/nacionalfm\/wp-json\/wp\/v2\/media\/14992"}],"wp:attachment":[{"href":"https:\/\/sertv.gob.pa\/nacionalfm\/wp-json\/wp\/v2\/media?parent=14991"}],"wp:term":[{"taxonomy":"category","embeddable":true,"href":"https:\/\/sertv.gob.pa\/nacionalfm\/wp-json\/wp\/v2\/categories?post=14991"},{"taxonomy":"post_tag","embeddable":true,"href":"https:\/\/sertv.gob.pa\/nacionalfm\/wp-json\/wp\/v2\/tags?post=14991"}],"curies":[{"name":"wp","href":"https:\/\/api.w.org\/{rel}","templated":true}]}}