{"id":15009,"date":"2016-08-22T16:24:08","date_gmt":"2016-08-22T16:24:08","guid":{"rendered":""},"modified":"2016-08-22T16:24:08","modified_gmt":"2016-08-22T16:24:08","slug":"amrit-herrera-nuevo-campeon-minimosca-nacional-y-fercabox","status":"publish","type":"post","link":"https:\/\/sertv.gob.pa\/nacionalfm\/amrit-herrera-nuevo-campeon-minimosca-nacional-y-fercabox\/","title":{"rendered":"Amrit Herrera nuevo campe\u00f3n minimosca nacional y FERCABOX"},"content":{"rendered":"<p>\nEl p\u00fagil colonense Amrit Herrera se coron\u00f3 campe\u00f3n minimosca nacional y FERCABOX del Consejo Mundial de Boxeo, al vencer por decisi\u00f3n un\u00e1nime al chiricano Walter &ldquo;El Rat\u00f3n de Oro&rdquo; Tello, en cartelera que se efectu\u00f3 el pasado s\u00e1bado en el Hotel Sheraton del Bijao. <\/p>\n<p>En la pelea coestelar el darienita Edgar Valencia venci\u00f3 por decisi\u00f3n un\u00e1nime al coclesano Julio &ldquo;El Kikirikikiri&rdquo; Escudero, el ind\u00edgena \u00a0Edwin Op\u00faa venci\u00f3 por decisi\u00f3n dividida al colonense Fernando Bustamante, el debutante colonenes Levi Maure arrebat\u00f3 el invicto a Walter P\u00e9rez por decisi\u00f3n mayoritaria. <\/p>\n<p>Gerardo Murillo se llev\u00f3 una re\u00f1ida victoria por decisi\u00f3n un\u00e1nime sobre el pacore\u00f1o Carlos Montenegro, y en el combate de abrir Orlando Mosquera mantuvo su invicto al vencer por decisi\u00f3n un\u00e1nime de los jueces a Juan Carlos Gonz\u00e1lez de Herrera.\u00a0 <\/p>\n","protected":false},"excerpt":{"rendered":"<p>El p\u00fagil colonense Amrit Herrera se coron\u00f3 campe\u00f3n minimosca nacional <a href=\"https:\/\/sertv.gob.pa\/nacionalfm\/amrit-herrera-nuevo-campeon-minimosca-nacional-y-fercabox\/\"> [&#8230;]<\/a><\/p>\n","protected":false},"author":1,"featured_media":15010,"comment_status":"closed","ping_status":"closed","sticky":false,"template":"","format":"standard","meta":{"footnotes":""},"categories":[4],"tags":[],"class_list":["post-15009","post","type-post","status-publish","format-standard","has-post-thumbnail","hentry","category-deportes"],"_links":{"self":[{"href":"https:\/\/sertv.gob.pa\/nacionalfm\/wp-json\/wp\/v2\/posts\/15009","targetHints":{"allow":["GET"]}}],"collection":[{"href":"https:\/\/sertv.gob.pa\/nacionalfm\/wp-json\/wp\/v2\/posts"}],"about":[{"href":"https:\/\/sertv.gob.pa\/nacionalfm\/wp-json\/wp\/v2\/types\/post"}],"author":[{"embeddable":true,"href":"https:\/\/sertv.gob.pa\/nacionalfm\/wp-json\/wp\/v2\/users\/1"}],"replies":[{"embeddable":true,"href":"https:\/\/sertv.gob.pa\/nacionalfm\/wp-json\/wp\/v2\/comments?post=15009"}],"version-history":[{"count":0,"href":"https:\/\/sertv.gob.pa\/nacionalfm\/wp-json\/wp\/v2\/posts\/15009\/revisions"}],"wp:featuredmedia":[{"embeddable":true,"href":"https:\/\/sertv.gob.pa\/nacionalfm\/wp-json\/wp\/v2\/media\/15010"}],"wp:attachment":[{"href":"https:\/\/sertv.gob.pa\/nacionalfm\/wp-json\/wp\/v2\/media?parent=15009"}],"wp:term":[{"taxonomy":"category","embeddable":true,"href":"https:\/\/sertv.gob.pa\/nacionalfm\/wp-json\/wp\/v2\/categories?post=15009"},{"taxonomy":"post_tag","embeddable":true,"href":"https:\/\/sertv.gob.pa\/nacionalfm\/wp-json\/wp\/v2\/tags?post=15009"}],"curies":[{"name":"wp","href":"https:\/\/api.w.org\/{rel}","templated":true}]}}