{"id":15015,"date":"2016-08-22T18:14:59","date_gmt":"2016-08-22T18:14:59","guid":{"rendered":""},"modified":"2016-08-22T18:14:59","modified_gmt":"2016-08-22T18:14:59","slug":"censo-de-salud-en-panama-norte","status":"publish","type":"post","link":"https:\/\/sertv.gob.pa\/nacionalfm\/censo-de-salud-en-panama-norte\/","title":{"rendered":"Censo de salud en Panam\u00e1 Norte"},"content":{"rendered":"<p>\nEl  Ministerio de Salud (Minsa) \u00a0dio a conocer que luego de una evaluaci\u00f3n a mil pacientes en la regi\u00f3n de Panam\u00e1 norte, detect\u00f3\u00a0que el 22% de los evaluados padece\u00a0de  diabetes . <\/p>\n<p>A trav\u00e9s de un informe estad\u00edstico, la autoridad se\u00f1ala que hall\u00f3 que casi la mitad de los evaluados (45%) ten\u00eda la  tensi\u00f3n alta  y  dislipidemia  (grasa en la sangre). <\/p>\n<p>Aunado a esta condici\u00f3n, el 69% de los evaluados tiene obesidad o sobrepeso. <\/p>\n<p>\u00abSigue es darles un seguimiento a estos pacientes para su control y puedan de esta manera llevar una mejor calidad de vida\u00bb, precis\u00f3 Iluzca Moscoso, directora regional de Salud de Panam\u00e1 Norte. <\/p>\n<p>En septiembre y octubre de este a\u00f1o, los pacientes volver\u00e1n a ser evaluados. <\/p>\n<p>La regi\u00f3n de Panam\u00e1 Norte abarca los corregimientos de Las Cumbres, Ernesto C\u00f3rdoba, Alcalde D\u00edaz y Chilibre en donde vive una poblaci\u00f3n estimada de 200 mil personas.\u00a0 <\/p>\n<p>\u00a0 <\/p>\n","protected":false},"excerpt":{"rendered":"<p>El Ministerio de Salud (Minsa) \u00a0dio a conocer que luego <a href=\"https:\/\/sertv.gob.pa\/nacionalfm\/censo-de-salud-en-panama-norte\/\"> [&#8230;]<\/a><\/p>\n","protected":false},"author":1,"featured_media":15016,"comment_status":"closed","ping_status":"closed","sticky":false,"template":"","format":"standard","meta":{"footnotes":""},"categories":[5],"tags":[],"class_list":["post-15015","post","type-post","status-publish","format-standard","has-post-thumbnail","hentry","category-salud"],"_links":{"self":[{"href":"https:\/\/sertv.gob.pa\/nacionalfm\/wp-json\/wp\/v2\/posts\/15015","targetHints":{"allow":["GET"]}}],"collection":[{"href":"https:\/\/sertv.gob.pa\/nacionalfm\/wp-json\/wp\/v2\/posts"}],"about":[{"href":"https:\/\/sertv.gob.pa\/nacionalfm\/wp-json\/wp\/v2\/types\/post"}],"author":[{"embeddable":true,"href":"https:\/\/sertv.gob.pa\/nacionalfm\/wp-json\/wp\/v2\/users\/1"}],"replies":[{"embeddable":true,"href":"https:\/\/sertv.gob.pa\/nacionalfm\/wp-json\/wp\/v2\/comments?post=15015"}],"version-history":[{"count":0,"href":"https:\/\/sertv.gob.pa\/nacionalfm\/wp-json\/wp\/v2\/posts\/15015\/revisions"}],"wp:featuredmedia":[{"embeddable":true,"href":"https:\/\/sertv.gob.pa\/nacionalfm\/wp-json\/wp\/v2\/media\/15016"}],"wp:attachment":[{"href":"https:\/\/sertv.gob.pa\/nacionalfm\/wp-json\/wp\/v2\/media?parent=15015"}],"wp:term":[{"taxonomy":"category","embeddable":true,"href":"https:\/\/sertv.gob.pa\/nacionalfm\/wp-json\/wp\/v2\/categories?post=15015"},{"taxonomy":"post_tag","embeddable":true,"href":"https:\/\/sertv.gob.pa\/nacionalfm\/wp-json\/wp\/v2\/tags?post=15015"}],"curies":[{"name":"wp","href":"https:\/\/api.w.org\/{rel}","templated":true}]}}