{"id":15023,"date":"2016-08-23T15:37:40","date_gmt":"2016-08-23T15:37:40","guid":{"rendered":""},"modified":"2016-08-23T15:37:40","modified_gmt":"2016-08-23T15:37:40","slug":"jorge-castelblanco-escribe-su-propia-historia-olimpica","status":"publish","type":"post","link":"https:\/\/sertv.gob.pa\/nacionalfm\/jorge-castelblanco-escribe-su-propia-historia-olimpica\/","title":{"rendered":"Jorge Castelblanco escribe su propia historia Ol\u00edmpica"},"content":{"rendered":"<p>\nEl fondista paname\u00f1o Jorge Castelblanco cumpli\u00f3 con su objetivo de finalizar la prueba de 42 kil\u00f3metros en los Juegos Ol\u00edmpicos de R\u00edo de janeiro, Brasil 2016. <\/p>\n<p>Con Castelblanco fue el primer paname\u00f1o en competir y finalizar la marat\u00f3n ol\u00edmpica de 42 kil\u00f3metros, una de las competencias m\u00e1s dif\u00edciles de las Olimpidas. <\/p>\n<p>Con evidente cansancio y una lesi\u00f3n en su pie derecho, Castelblanco termin\u00f3 la marat\u00f3n de Rio 2016 con tiempo de 2 horas 39:25 minutos y ocup\u00f3 la posici\u00f3n 135. El ganador de la prueba fue el keniano Eilud Kipchoge quien cronometr\u00f3 2 horas 8:44 minutos. <\/p>\n<p>Inmediatamente finaliz\u00f3 la marat\u00f3n, cientos de paname\u00f1os resaltaron en las redes sociales el gran coraje y determinaci\u00f3n del chiricano que por primera vez compiti\u00f3 en una marat\u00f3n ol\u00edmpica. <\/p>\n","protected":false},"excerpt":{"rendered":"<p>El fondista paname\u00f1o Jorge Castelblanco cumpli\u00f3 con su objetivo de <a href=\"https:\/\/sertv.gob.pa\/nacionalfm\/jorge-castelblanco-escribe-su-propia-historia-olimpica\/\"> [&#8230;]<\/a><\/p>\n","protected":false},"author":1,"featured_media":15024,"comment_status":"closed","ping_status":"closed","sticky":false,"template":"","format":"standard","meta":{"footnotes":""},"categories":[4],"tags":[],"class_list":["post-15023","post","type-post","status-publish","format-standard","has-post-thumbnail","hentry","category-deportes"],"_links":{"self":[{"href":"https:\/\/sertv.gob.pa\/nacionalfm\/wp-json\/wp\/v2\/posts\/15023","targetHints":{"allow":["GET"]}}],"collection":[{"href":"https:\/\/sertv.gob.pa\/nacionalfm\/wp-json\/wp\/v2\/posts"}],"about":[{"href":"https:\/\/sertv.gob.pa\/nacionalfm\/wp-json\/wp\/v2\/types\/post"}],"author":[{"embeddable":true,"href":"https:\/\/sertv.gob.pa\/nacionalfm\/wp-json\/wp\/v2\/users\/1"}],"replies":[{"embeddable":true,"href":"https:\/\/sertv.gob.pa\/nacionalfm\/wp-json\/wp\/v2\/comments?post=15023"}],"version-history":[{"count":0,"href":"https:\/\/sertv.gob.pa\/nacionalfm\/wp-json\/wp\/v2\/posts\/15023\/revisions"}],"wp:featuredmedia":[{"embeddable":true,"href":"https:\/\/sertv.gob.pa\/nacionalfm\/wp-json\/wp\/v2\/media\/15024"}],"wp:attachment":[{"href":"https:\/\/sertv.gob.pa\/nacionalfm\/wp-json\/wp\/v2\/media?parent=15023"}],"wp:term":[{"taxonomy":"category","embeddable":true,"href":"https:\/\/sertv.gob.pa\/nacionalfm\/wp-json\/wp\/v2\/categories?post=15023"},{"taxonomy":"post_tag","embeddable":true,"href":"https:\/\/sertv.gob.pa\/nacionalfm\/wp-json\/wp\/v2\/tags?post=15023"}],"curies":[{"name":"wp","href":"https:\/\/api.w.org\/{rel}","templated":true}]}}