{"id":15025,"date":"2016-08-23T15:47:17","date_gmt":"2016-08-23T15:47:17","guid":{"rendered":""},"modified":"2016-08-23T15:47:17","modified_gmt":"2016-08-23T15:47:17","slug":"luis-el-nica-concepcion-viaja-a-japon-en-busca-de-kohei-kono","status":"publish","type":"post","link":"https:\/\/sertv.gob.pa\/nacionalfm\/luis-el-nica-concepcion-viaja-a-japon-en-busca-de-kohei-kono\/","title":{"rendered":"Luis \u201cEl Nica\u201d Concepci\u00f3n viaja a Jap\u00f3n en busca de Kohei Kono"},"content":{"rendered":"<p>\nEl campe\u00f3n paname\u00f1o Luis &ldquo;El Nica&rdquo; Concepci\u00f3n, campe\u00f3n interino de los supergallos de la Asociaci\u00f3n Mundial de Boxeo viaj\u00f3 este lunes para finalizar los \u00faltimos detalles previo a su encuentro ante el campe\u00f3n en propiedad Kohei Kono, con quien se medir\u00e1 el 31 de agosto en Tokio, Jap\u00f3n. <\/p>\n<p>&ldquo;El Nica&rdquo; asume este viaje a Jap\u00f3n con la misi\u00f3n de ratificar el &ldquo;segundo aire&rdquo; que vive su carrera luego de las dos derrotas que le propin\u00f3 Hern\u00e1n &ldquo;Tyson&rdquo; M\u00e1rquez en 2011 por el cetro mosca de la Asociaci\u00f3n Mundial de Boxeo. Sin embargo, esas ca\u00eddas fueron vengadas por el gladiador paname\u00f1o en diciembre del a\u00f1o pasado, cuando Concepci\u00f3n venci\u00f3 a M\u00e1rquez por decisi\u00f3n un\u00e1nime en su primera defensa del cetro interino de las 115 libras AMB. <\/p>\n<p>Concepci\u00f3n tiene r\u00e9cord 34 victorias, 4 derrotas con 24 nocauts. Mientras que Kono tiene 32 peleas ganadas, 8 derrotas, un empate y 13 anestesias. <\/p>\n","protected":false},"excerpt":{"rendered":"<p>El campe\u00f3n paname\u00f1o Luis &ldquo;El Nica&rdquo; Concepci\u00f3n, campe\u00f3n interino de <a href=\"https:\/\/sertv.gob.pa\/nacionalfm\/luis-el-nica-concepcion-viaja-a-japon-en-busca-de-kohei-kono\/\"> [&#8230;]<\/a><\/p>\n","protected":false},"author":1,"featured_media":15026,"comment_status":"closed","ping_status":"closed","sticky":false,"template":"","format":"standard","meta":{"footnotes":""},"categories":[4],"tags":[],"class_list":["post-15025","post","type-post","status-publish","format-standard","has-post-thumbnail","hentry","category-deportes"],"_links":{"self":[{"href":"https:\/\/sertv.gob.pa\/nacionalfm\/wp-json\/wp\/v2\/posts\/15025","targetHints":{"allow":["GET"]}}],"collection":[{"href":"https:\/\/sertv.gob.pa\/nacionalfm\/wp-json\/wp\/v2\/posts"}],"about":[{"href":"https:\/\/sertv.gob.pa\/nacionalfm\/wp-json\/wp\/v2\/types\/post"}],"author":[{"embeddable":true,"href":"https:\/\/sertv.gob.pa\/nacionalfm\/wp-json\/wp\/v2\/users\/1"}],"replies":[{"embeddable":true,"href":"https:\/\/sertv.gob.pa\/nacionalfm\/wp-json\/wp\/v2\/comments?post=15025"}],"version-history":[{"count":0,"href":"https:\/\/sertv.gob.pa\/nacionalfm\/wp-json\/wp\/v2\/posts\/15025\/revisions"}],"wp:featuredmedia":[{"embeddable":true,"href":"https:\/\/sertv.gob.pa\/nacionalfm\/wp-json\/wp\/v2\/media\/15026"}],"wp:attachment":[{"href":"https:\/\/sertv.gob.pa\/nacionalfm\/wp-json\/wp\/v2\/media?parent=15025"}],"wp:term":[{"taxonomy":"category","embeddable":true,"href":"https:\/\/sertv.gob.pa\/nacionalfm\/wp-json\/wp\/v2\/categories?post=15025"},{"taxonomy":"post_tag","embeddable":true,"href":"https:\/\/sertv.gob.pa\/nacionalfm\/wp-json\/wp\/v2\/tags?post=15025"}],"curies":[{"name":"wp","href":"https:\/\/api.w.org\/{rel}","templated":true}]}}