{"id":15027,"date":"2016-08-23T20:11:10","date_gmt":"2016-08-23T20:11:10","guid":{"rendered":""},"modified":"2016-08-23T20:11:10","modified_gmt":"2016-08-23T20:11:10","slug":"este-domingo-28-carrera-caminata-patronato-luz-del-ciego","status":"publish","type":"post","link":"https:\/\/sertv.gob.pa\/nacionalfm\/este-domingo-28-carrera-caminata-patronato-luz-del-ciego\/","title":{"rendered":"Este domingo 28, Carrera Caminata Patronato Luz del Ciego"},"content":{"rendered":"<p>\nEste domingo 28 de agosto se llevar\u00e1 a cabo a partir de las 8 de la ma\u00f1ana, la XVI Carrera Caminata del Patronato Luz del Ciego de la Fundaci\u00f3n Ricardo Galindo Quelquejeu <\/p>\n<p>En reciente conferencia de prensa el director del Instituto Paname\u00f1o de Deportes Roberto Arango entreg\u00f3 un significativo aporte econ\u00f3mico al presidente de la junta de s\u00edndicos del Patronato Luz del Ciego, Fernando Boyd Galindo para la realizaci\u00f3n del evento deportivo. <\/p>\n<p>La caminata y la carrera tendr\u00e1 un costo de inscripci\u00f3n de 5 balboas para discapacitados, ni\u00f1os y estudiantes y 6 para el resto de los participantes, el recorrido abarca 3 kil\u00f3metros de caminata y 5 de carrera en las categor\u00edas ciegos o con baja visi\u00f3n, juveniles de 14 a 18 a\u00f1os, adultos ciegos o con baja visi\u00f3n, personas en sillas de ruedas y categor\u00eda abierta. <\/p>\n<p>La Carrera Caminata iniciar\u00e1 desde la sede del patronato Luz del Ciego calle 66 en el corregimiento de San Francisco. Lo recaudado en la competencia ser\u00e1 utilizado en obras, programas y proyectos para las personas con deficiencia visual. <\/p>\n<p>\u00a0 <\/p>\n","protected":false},"excerpt":{"rendered":"<p>Este domingo 28 de agosto se llevar\u00e1 a cabo a <a href=\"https:\/\/sertv.gob.pa\/nacionalfm\/este-domingo-28-carrera-caminata-patronato-luz-del-ciego\/\"> [&#8230;]<\/a><\/p>\n","protected":false},"author":1,"featured_media":15028,"comment_status":"closed","ping_status":"closed","sticky":false,"template":"","format":"standard","meta":{"footnotes":""},"categories":[4],"tags":[],"class_list":["post-15027","post","type-post","status-publish","format-standard","has-post-thumbnail","hentry","category-deportes"],"_links":{"self":[{"href":"https:\/\/sertv.gob.pa\/nacionalfm\/wp-json\/wp\/v2\/posts\/15027","targetHints":{"allow":["GET"]}}],"collection":[{"href":"https:\/\/sertv.gob.pa\/nacionalfm\/wp-json\/wp\/v2\/posts"}],"about":[{"href":"https:\/\/sertv.gob.pa\/nacionalfm\/wp-json\/wp\/v2\/types\/post"}],"author":[{"embeddable":true,"href":"https:\/\/sertv.gob.pa\/nacionalfm\/wp-json\/wp\/v2\/users\/1"}],"replies":[{"embeddable":true,"href":"https:\/\/sertv.gob.pa\/nacionalfm\/wp-json\/wp\/v2\/comments?post=15027"}],"version-history":[{"count":0,"href":"https:\/\/sertv.gob.pa\/nacionalfm\/wp-json\/wp\/v2\/posts\/15027\/revisions"}],"wp:featuredmedia":[{"embeddable":true,"href":"https:\/\/sertv.gob.pa\/nacionalfm\/wp-json\/wp\/v2\/media\/15028"}],"wp:attachment":[{"href":"https:\/\/sertv.gob.pa\/nacionalfm\/wp-json\/wp\/v2\/media?parent=15027"}],"wp:term":[{"taxonomy":"category","embeddable":true,"href":"https:\/\/sertv.gob.pa\/nacionalfm\/wp-json\/wp\/v2\/categories?post=15027"},{"taxonomy":"post_tag","embeddable":true,"href":"https:\/\/sertv.gob.pa\/nacionalfm\/wp-json\/wp\/v2\/tags?post=15027"}],"curies":[{"name":"wp","href":"https:\/\/api.w.org\/{rel}","templated":true}]}}