{"id":15029,"date":"2016-08-23T20:31:34","date_gmt":"2016-08-23T20:31:34","guid":{"rendered":""},"modified":"2016-08-23T20:31:34","modified_gmt":"2016-08-23T20:31:34","slug":"amb-en-premier-de-hands-of-stone-de-roberto-duran","status":"publish","type":"post","link":"https:\/\/sertv.gob.pa\/nacionalfm\/amb-en-premier-de-hands-of-stone-de-roberto-duran\/","title":{"rendered":"AMB en premier de \u201cHands Of Stone\u201d de Roberto Dur\u00e1n"},"content":{"rendered":"<p>\nEste lunes se present\u00f3 la premier de &ldquo;Hands Of Stone&rdquo; , pel\u00edcula que narra la vida del paname\u00f1o Roberto &ldquo;Mano de Piedra&rdquo; Dur\u00e1n y por la alfombra roja del SVA Theater desfilaron todos aquellos que participaron en el film. <\/p>\n<p>Como invitado asisti\u00f3 el presidente de la Asociaci\u00f3n Mundial de Boxeo, en representaci\u00f3n del organismo m\u00e1s longevo en regir la actividad pugil\u00edstica. <\/p>\n<p>Luego de la proyecci\u00f3n de la pel\u00edcula Mendoza comparti\u00f3 con los actores y otorg\u00f3 una minifaja de reconocimiento a la superestrella del cine Robert De Niro, el artista pop Usher y, por su puesto, al hombre que tuvo la dif\u00edcil tarea de encarnar a Dur\u00e1n: Edgar Ram\u00edrez quienes ahora tendr\u00e1n consigo el cintur\u00f3n que por muchos a\u00f1os luci\u00f3 &ldquo;Manos de Piedra&rdquo; sobre el ring. <\/p>\n<p>Dur\u00e1n disfrut\u00f3 su gran momento acompa\u00f1ado de su familia y manifest\u00f3 a diversos medios de comunicaci\u00f3n su emoci\u00f3n por ver representada su vida en la gran pantalla y por darle una alegr\u00eda m\u00e1s al pueblo paname\u00f1o que tiene en este gran ex boxeador un embajador universal.\u00a0 <\/p>\n","protected":false},"excerpt":{"rendered":"<p>Este lunes se present\u00f3 la premier de &ldquo;Hands Of Stone&rdquo; <a href=\"https:\/\/sertv.gob.pa\/nacionalfm\/amb-en-premier-de-hands-of-stone-de-roberto-duran\/\"> [&#8230;]<\/a><\/p>\n","protected":false},"author":1,"featured_media":15030,"comment_status":"closed","ping_status":"closed","sticky":false,"template":"","format":"standard","meta":{"footnotes":""},"categories":[4],"tags":[],"class_list":["post-15029","post","type-post","status-publish","format-standard","has-post-thumbnail","hentry","category-deportes"],"_links":{"self":[{"href":"https:\/\/sertv.gob.pa\/nacionalfm\/wp-json\/wp\/v2\/posts\/15029","targetHints":{"allow":["GET"]}}],"collection":[{"href":"https:\/\/sertv.gob.pa\/nacionalfm\/wp-json\/wp\/v2\/posts"}],"about":[{"href":"https:\/\/sertv.gob.pa\/nacionalfm\/wp-json\/wp\/v2\/types\/post"}],"author":[{"embeddable":true,"href":"https:\/\/sertv.gob.pa\/nacionalfm\/wp-json\/wp\/v2\/users\/1"}],"replies":[{"embeddable":true,"href":"https:\/\/sertv.gob.pa\/nacionalfm\/wp-json\/wp\/v2\/comments?post=15029"}],"version-history":[{"count":0,"href":"https:\/\/sertv.gob.pa\/nacionalfm\/wp-json\/wp\/v2\/posts\/15029\/revisions"}],"wp:featuredmedia":[{"embeddable":true,"href":"https:\/\/sertv.gob.pa\/nacionalfm\/wp-json\/wp\/v2\/media\/15030"}],"wp:attachment":[{"href":"https:\/\/sertv.gob.pa\/nacionalfm\/wp-json\/wp\/v2\/media?parent=15029"}],"wp:term":[{"taxonomy":"category","embeddable":true,"href":"https:\/\/sertv.gob.pa\/nacionalfm\/wp-json\/wp\/v2\/categories?post=15029"},{"taxonomy":"post_tag","embeddable":true,"href":"https:\/\/sertv.gob.pa\/nacionalfm\/wp-json\/wp\/v2\/tags?post=15029"}],"curies":[{"name":"wp","href":"https:\/\/api.w.org\/{rel}","templated":true}]}}