{"id":15031,"date":"2016-08-23T20:59:56","date_gmt":"2016-08-23T20:59:56","guid":{"rendered":""},"modified":"2016-08-23T20:59:56","modified_gmt":"2016-08-23T20:59:56","slug":"habra-voltereta-en-japon-asegura-el-nica-concepcion","status":"publish","type":"post","link":"https:\/\/sertv.gob.pa\/nacionalfm\/habra-voltereta-en-japon-asegura-el-nica-concepcion\/","title":{"rendered":"Habr\u00e1 voltereta en Jap\u00f3n, asegura \u201cEl Nica\u201d Concepci\u00f3n"},"content":{"rendered":"<p>\nLuis &ldquo;El Nica&rdquo; Concepci\u00f3n, campe\u00f3n interino de los supermoscas de la Asociaci\u00f3n Mundial de Boxeo manifest\u00f3 antes de partir para Tokio, Jap\u00f3n que en el lejano oriente realizar\u00e1 sus famosas volteretas cuando se adjudique el t\u00edtulo absoluto en poder del nip\u00f3n Kohei Kono, el pr\u00f3ximo 31 de agosto. <\/p>\n<p>La \u00fanica vez que &ldquo;El Nica&rdquo; ha podido realizar la voltereta fue cuando venci\u00f3 al mexicano David &ldquo;El Tornado&rdquo; S\u00e1nchez para arrebatarle el t\u00edtulo interino. <\/p>\n<p>Esa voltereta Luis Concepci\u00f3n la practica desde que est\u00e1 en las filas aficionadas y seg\u00fan las propias palabras del campe\u00f3n interino lo aprendi\u00f3 en las calles de Managua, Nicaragua cuando se ganaba la vida haciendo shous, en la tierra de su se\u00f1ora madre. <\/p>\n","protected":false},"excerpt":{"rendered":"<p>Luis &ldquo;El Nica&rdquo; Concepci\u00f3n, campe\u00f3n interino de los supermoscas de <a href=\"https:\/\/sertv.gob.pa\/nacionalfm\/habra-voltereta-en-japon-asegura-el-nica-concepcion\/\"> [&#8230;]<\/a><\/p>\n","protected":false},"author":1,"featured_media":15032,"comment_status":"closed","ping_status":"closed","sticky":false,"template":"","format":"standard","meta":{"footnotes":""},"categories":[4],"tags":[],"class_list":["post-15031","post","type-post","status-publish","format-standard","has-post-thumbnail","hentry","category-deportes"],"_links":{"self":[{"href":"https:\/\/sertv.gob.pa\/nacionalfm\/wp-json\/wp\/v2\/posts\/15031","targetHints":{"allow":["GET"]}}],"collection":[{"href":"https:\/\/sertv.gob.pa\/nacionalfm\/wp-json\/wp\/v2\/posts"}],"about":[{"href":"https:\/\/sertv.gob.pa\/nacionalfm\/wp-json\/wp\/v2\/types\/post"}],"author":[{"embeddable":true,"href":"https:\/\/sertv.gob.pa\/nacionalfm\/wp-json\/wp\/v2\/users\/1"}],"replies":[{"embeddable":true,"href":"https:\/\/sertv.gob.pa\/nacionalfm\/wp-json\/wp\/v2\/comments?post=15031"}],"version-history":[{"count":0,"href":"https:\/\/sertv.gob.pa\/nacionalfm\/wp-json\/wp\/v2\/posts\/15031\/revisions"}],"wp:featuredmedia":[{"embeddable":true,"href":"https:\/\/sertv.gob.pa\/nacionalfm\/wp-json\/wp\/v2\/media\/15032"}],"wp:attachment":[{"href":"https:\/\/sertv.gob.pa\/nacionalfm\/wp-json\/wp\/v2\/media?parent=15031"}],"wp:term":[{"taxonomy":"category","embeddable":true,"href":"https:\/\/sertv.gob.pa\/nacionalfm\/wp-json\/wp\/v2\/categories?post=15031"},{"taxonomy":"post_tag","embeddable":true,"href":"https:\/\/sertv.gob.pa\/nacionalfm\/wp-json\/wp\/v2\/tags?post=15031"}],"curies":[{"name":"wp","href":"https:\/\/api.w.org\/{rel}","templated":true}]}}