{"id":15045,"date":"2016-08-24T15:37:14","date_gmt":"2016-08-24T15:37:14","guid":{"rendered":""},"modified":"2016-08-24T15:37:14","modified_gmt":"2016-08-24T15:37:14","slug":"ulaps-de-capira-orienta-sobre-importancia-de-la-salud-bucal","status":"publish","type":"post","link":"https:\/\/sertv.gob.pa\/nacionalfm\/ulaps-de-capira-orienta-sobre-importancia-de-la-salud-bucal\/","title":{"rendered":"ULAPS de Capira orienta sobre importancia de la Salud Bucal"},"content":{"rendered":"<p>\n El departamento de Odontolog\u00eda de la Unidad Local de Atenci\u00f3n Primaria en Salud de la Caja de Seguro Social, en Capira, dio comienzo a la semana de la salud bucal, con una charla de orientaci\u00f3n a los pacientes de la sala de espera de medicina general.  <\/p>\n<p>&ldquo;Esta orientaci\u00f3n es una informaci\u00f3n que cada persona debe manejar y debe orientar a los peque\u00f1os de la importancia del cuidado de los dientes y la prevenci\u00f3n de las caries desde muy temprana edad&rdquo;, expuso la Dra. Yuriria S\u00e1nchez, odont\u00f3loga de esta unidad ejecutora. <\/p>\n<p> S\u00e1nchez agreg\u00f3, que durante esta semana se ofrecer\u00e1n distintas charlas con temas sobre la higiene y el cuidado bucal.  <\/p>\n","protected":false},"excerpt":{"rendered":"<p>El departamento de Odontolog\u00eda de la Unidad Local de Atenci\u00f3n <a href=\"https:\/\/sertv.gob.pa\/nacionalfm\/ulaps-de-capira-orienta-sobre-importancia-de-la-salud-bucal\/\"> [&#8230;]<\/a><\/p>\n","protected":false},"author":1,"featured_media":15046,"comment_status":"closed","ping_status":"closed","sticky":false,"template":"","format":"standard","meta":{"footnotes":""},"categories":[5],"tags":[],"class_list":["post-15045","post","type-post","status-publish","format-standard","has-post-thumbnail","hentry","category-salud"],"_links":{"self":[{"href":"https:\/\/sertv.gob.pa\/nacionalfm\/wp-json\/wp\/v2\/posts\/15045","targetHints":{"allow":["GET"]}}],"collection":[{"href":"https:\/\/sertv.gob.pa\/nacionalfm\/wp-json\/wp\/v2\/posts"}],"about":[{"href":"https:\/\/sertv.gob.pa\/nacionalfm\/wp-json\/wp\/v2\/types\/post"}],"author":[{"embeddable":true,"href":"https:\/\/sertv.gob.pa\/nacionalfm\/wp-json\/wp\/v2\/users\/1"}],"replies":[{"embeddable":true,"href":"https:\/\/sertv.gob.pa\/nacionalfm\/wp-json\/wp\/v2\/comments?post=15045"}],"version-history":[{"count":0,"href":"https:\/\/sertv.gob.pa\/nacionalfm\/wp-json\/wp\/v2\/posts\/15045\/revisions"}],"wp:featuredmedia":[{"embeddable":true,"href":"https:\/\/sertv.gob.pa\/nacionalfm\/wp-json\/wp\/v2\/media\/15046"}],"wp:attachment":[{"href":"https:\/\/sertv.gob.pa\/nacionalfm\/wp-json\/wp\/v2\/media?parent=15045"}],"wp:term":[{"taxonomy":"category","embeddable":true,"href":"https:\/\/sertv.gob.pa\/nacionalfm\/wp-json\/wp\/v2\/categories?post=15045"},{"taxonomy":"post_tag","embeddable":true,"href":"https:\/\/sertv.gob.pa\/nacionalfm\/wp-json\/wp\/v2\/tags?post=15045"}],"curies":[{"name":"wp","href":"https:\/\/api.w.org\/{rel}","templated":true}]}}