{"id":15051,"date":"2016-08-24T18:10:05","date_gmt":"2016-08-24T18:10:05","guid":{"rendered":""},"modified":"2016-08-24T18:10:05","modified_gmt":"2016-08-24T18:10:05","slug":"panamericano-de-jiu-jitsu-en-panama-el-fin-de-semana","status":"publish","type":"post","link":"https:\/\/sertv.gob.pa\/nacionalfm\/panamericano-de-jiu-jitsu-en-panama-el-fin-de-semana\/","title":{"rendered":"PANAMERICANO de Jiu-Jitsu en Panam\u00e1 el fin de semana"},"content":{"rendered":"<p>\n En horas de la ma\u00f1ana de hoy se realiz\u00f3 una conferencia de prensa en la cual se lanz\u00f3 el Campeonato Panamericano de Jiu Jitsu, que se efectuar\u00e1 en Panam\u00e1 entre el s\u00e1bado 27 y 28 de agosto en el Gimnasio &ldquo;Beto&rdquo; Rem\u00f3n.  <\/p>\n<p> El atleta Marcos P\u00e9rez dio a conocer a Nacional FM como ha sido la preparaci\u00f3n en general del equipo nacional, manifestando que se han estado preparando por espacio de dos a tres meses, con entrenamientos intensos de lunes a s\u00e1bado.  <\/p>\n<p> En el evento estar\u00e1n participando un aproximado de 125 atletas, de un aproximado de 16 pa\u00edses.\u00a0\u00a0\u00a0\u00a0\u00a0\u00a0\u00a0\u00a0 \u00a0\u00a0\u00a0\u00a0\u00a0\u00a0\u00a0\u00a0\u00a0\u00a0\u00a0\u00a0\u00a0\u00a0\u00a0\u00a0\u00a0\u00a0\u00a0\u00a0\u00a0\u00a0\u00a0\u00a0\u00a0\u00a0\u00a0\u00a0\u00a0\u00a0\u00a0  <\/p>\n<p> En representaci\u00f3n del Instituto Paname\u00f1o de Deportes estuvo presente la Directora T\u00e9cnica de PANDEPORTES, la profesora Ana de Gir\u00f3n, quien exhort\u00f3 a los atletas a dejar en alto la bandera paname\u00f1a.  <\/p>\n","protected":false},"excerpt":{"rendered":"<p>En horas de la ma\u00f1ana de hoy se realiz\u00f3 una <a href=\"https:\/\/sertv.gob.pa\/nacionalfm\/panamericano-de-jiu-jitsu-en-panama-el-fin-de-semana\/\"> [&#8230;]<\/a><\/p>\n","protected":false},"author":1,"featured_media":15052,"comment_status":"closed","ping_status":"closed","sticky":false,"template":"","format":"standard","meta":{"footnotes":""},"categories":[4],"tags":[],"class_list":["post-15051","post","type-post","status-publish","format-standard","has-post-thumbnail","hentry","category-deportes"],"_links":{"self":[{"href":"https:\/\/sertv.gob.pa\/nacionalfm\/wp-json\/wp\/v2\/posts\/15051","targetHints":{"allow":["GET"]}}],"collection":[{"href":"https:\/\/sertv.gob.pa\/nacionalfm\/wp-json\/wp\/v2\/posts"}],"about":[{"href":"https:\/\/sertv.gob.pa\/nacionalfm\/wp-json\/wp\/v2\/types\/post"}],"author":[{"embeddable":true,"href":"https:\/\/sertv.gob.pa\/nacionalfm\/wp-json\/wp\/v2\/users\/1"}],"replies":[{"embeddable":true,"href":"https:\/\/sertv.gob.pa\/nacionalfm\/wp-json\/wp\/v2\/comments?post=15051"}],"version-history":[{"count":0,"href":"https:\/\/sertv.gob.pa\/nacionalfm\/wp-json\/wp\/v2\/posts\/15051\/revisions"}],"wp:featuredmedia":[{"embeddable":true,"href":"https:\/\/sertv.gob.pa\/nacionalfm\/wp-json\/wp\/v2\/media\/15052"}],"wp:attachment":[{"href":"https:\/\/sertv.gob.pa\/nacionalfm\/wp-json\/wp\/v2\/media?parent=15051"}],"wp:term":[{"taxonomy":"category","embeddable":true,"href":"https:\/\/sertv.gob.pa\/nacionalfm\/wp-json\/wp\/v2\/categories?post=15051"},{"taxonomy":"post_tag","embeddable":true,"href":"https:\/\/sertv.gob.pa\/nacionalfm\/wp-json\/wp\/v2\/tags?post=15051"}],"curies":[{"name":"wp","href":"https:\/\/api.w.org\/{rel}","templated":true}]}}