{"id":15057,"date":"2016-08-24T20:28:50","date_gmt":"2016-08-24T20:28:50","guid":{"rendered":""},"modified":"2016-08-24T20:28:50","modified_gmt":"2016-08-24T20:28:50","slug":"tauro-esta-en-liderazgo-de-la-liga-panamena-de-futbol","status":"publish","type":"post","link":"https:\/\/sertv.gob.pa\/nacionalfm\/tauro-esta-en-liderazgo-de-la-liga-panamena-de-futbol\/","title":{"rendered":"Tauro est\u00e1 en liderazgo de la Liga Paname\u00f1a de F\u00fatbol"},"content":{"rendered":"<p>\nEl Tauro FC se encuentra en el liderazgo de la Liga Paname\u00f1a de F\u00fatbol con 14 puntos seguido de \u00c1rabe Unido con 11 y en tercer lugar se ubican el San Francisco y el Alianza FC con 9 unidades. <\/p>\n<p>Plaza Amador, Chorrillo y el Sporting San Miguelito se encuentran con 8 puntos, en tanto que el Santa Gema, el Atl\u00e9tico Nacional y Atl\u00e9tico Verag\u00fcense se disputan la salida del s\u00f3tano. <\/p>\n<p>\u00a0 <\/p>\n","protected":false},"excerpt":{"rendered":"<p>El Tauro FC se encuentra en el liderazgo de la <a href=\"https:\/\/sertv.gob.pa\/nacionalfm\/tauro-esta-en-liderazgo-de-la-liga-panamena-de-futbol\/\"> [&#8230;]<\/a><\/p>\n","protected":false},"author":1,"featured_media":15058,"comment_status":"closed","ping_status":"closed","sticky":false,"template":"","format":"standard","meta":{"footnotes":""},"categories":[4],"tags":[],"class_list":["post-15057","post","type-post","status-publish","format-standard","has-post-thumbnail","hentry","category-deportes"],"_links":{"self":[{"href":"https:\/\/sertv.gob.pa\/nacionalfm\/wp-json\/wp\/v2\/posts\/15057","targetHints":{"allow":["GET"]}}],"collection":[{"href":"https:\/\/sertv.gob.pa\/nacionalfm\/wp-json\/wp\/v2\/posts"}],"about":[{"href":"https:\/\/sertv.gob.pa\/nacionalfm\/wp-json\/wp\/v2\/types\/post"}],"author":[{"embeddable":true,"href":"https:\/\/sertv.gob.pa\/nacionalfm\/wp-json\/wp\/v2\/users\/1"}],"replies":[{"embeddable":true,"href":"https:\/\/sertv.gob.pa\/nacionalfm\/wp-json\/wp\/v2\/comments?post=15057"}],"version-history":[{"count":0,"href":"https:\/\/sertv.gob.pa\/nacionalfm\/wp-json\/wp\/v2\/posts\/15057\/revisions"}],"wp:featuredmedia":[{"embeddable":true,"href":"https:\/\/sertv.gob.pa\/nacionalfm\/wp-json\/wp\/v2\/media\/15058"}],"wp:attachment":[{"href":"https:\/\/sertv.gob.pa\/nacionalfm\/wp-json\/wp\/v2\/media?parent=15057"}],"wp:term":[{"taxonomy":"category","embeddable":true,"href":"https:\/\/sertv.gob.pa\/nacionalfm\/wp-json\/wp\/v2\/categories?post=15057"},{"taxonomy":"post_tag","embeddable":true,"href":"https:\/\/sertv.gob.pa\/nacionalfm\/wp-json\/wp\/v2\/tags?post=15057"}],"curies":[{"name":"wp","href":"https:\/\/api.w.org\/{rel}","templated":true}]}}