{"id":15059,"date":"2016-08-24T20:47:34","date_gmt":"2016-08-24T20:47:34","guid":{"rendered":""},"modified":"2016-08-24T20:47:34","modified_gmt":"2016-08-24T20:47:34","slug":"alcalde-blandon-condecora-a-alfonso-foncho-mendez","status":"publish","type":"post","link":"https:\/\/sertv.gob.pa\/nacionalfm\/alcalde-blandon-condecora-a-alfonso-foncho-mendez\/","title":{"rendered":"Alcalde Bland\u00f3n condecora a Alfonso \u201cFoncho\u201d M\u00e9ndez"},"content":{"rendered":"<p>\nAlfonso &ldquo;Foncho&rdquo; M\u00e9ndez dirigente deportivo y seleccionado nacional de f\u00fatbol, recibi\u00f3 de la Alcald\u00eda de Panam\u00e1 la Orden Municipal Le\u00f3n &ldquo;Cocoliso&rdquo; Tejada, en reconocimiento a sus grandes proezas en el deporte. <\/p>\n<p>En un emotivo acto donde M\u00e9ndez adem\u00e1s celebr\u00f3 su cumplea\u00f1os n\u00famero 79, \u00a0el Alcalde de Panam\u00e1, Jos\u00e9 Bland\u00f3n Figueroa le coloc\u00f3 la medalla al dirigente por su extraordinario desempe\u00f1o como futbolista tanto a nivel nacional como internacional, as\u00ed como tambi\u00e9n por su trabajo como dirigente deportivo, dedicado en beneficio de los ni\u00f1os y j\u00f3venes. <\/p>\n<p>El jefe municipal entreg\u00f3 adem\u00e1s un pergamino que lo declara Hu\u00e9sped de Honor del Distrito de Panam\u00e1, momento en que le record\u00f3 su frase favorita &ldquo;a todos los quiero&rdquo;, pero esta vez a la inversa: &ldquo;Todos te queremos&rdquo;, dijo Bland\u00f3n seguido del aplauso de los amigos y familiares que presenciaban el acto. <\/p>\n<p>Bland\u00f3n dijo que M\u00e9ndez tiene sobrados m\u00e9ritos para este homenaje y que el trabajo que hoy esta realizando, fue la misma labor que efectu\u00f3 el dirigente Le\u00f3n \u00abCocoliso\u00bb Tejada y cuya medalla lleva su nombre. <\/p>\n<p>M\u00e9ndez al recibir el galard\u00f3n municipal agradeci\u00f3 el gesto alcaldicio y dijo con humildad que no esperaba este homenaje pero que lo atesorar\u00e1 en su coraz\u00f3n y lo llevar\u00e1 siempre presente ya que es el primero que recibe de todos los alcaldes que han sido electos. <\/p>\n<p>Foncho\u00bb M\u00e9ndez, fue jugador del seleccionado nacional de f\u00fatbol, representando a Panam\u00e1 en diversos eventos internacionales en pa\u00edses como Jamaica, Guatemala, Costa Rica y El Salvador, vistiendo as\u00ed la camiseta de Panam\u00e1 por muchos a\u00f1os, siendo su mayor auge en la d\u00e9cada del 70. <\/p>\n<p>Como dirigente \u00abFoncho\u00bb M\u00e9ndez se ha dedicado a trabajar con los ni\u00f1os, debido a que desea alejarlos de los vicios que son los peores enemigos que pueden encontrar en la calle. <\/p>\n<p>\u00a0 <\/p>\n","protected":false},"excerpt":{"rendered":"<p>Alfonso &ldquo;Foncho&rdquo; M\u00e9ndez dirigente deportivo y seleccionado nacional de f\u00fatbol, <a href=\"https:\/\/sertv.gob.pa\/nacionalfm\/alcalde-blandon-condecora-a-alfonso-foncho-mendez\/\"> [&#8230;]<\/a><\/p>\n","protected":false},"author":1,"featured_media":15060,"comment_status":"closed","ping_status":"closed","sticky":false,"template":"","format":"standard","meta":{"footnotes":""},"categories":[4],"tags":[],"class_list":["post-15059","post","type-post","status-publish","format-standard","has-post-thumbnail","hentry","category-deportes"],"_links":{"self":[{"href":"https:\/\/sertv.gob.pa\/nacionalfm\/wp-json\/wp\/v2\/posts\/15059","targetHints":{"allow":["GET"]}}],"collection":[{"href":"https:\/\/sertv.gob.pa\/nacionalfm\/wp-json\/wp\/v2\/posts"}],"about":[{"href":"https:\/\/sertv.gob.pa\/nacionalfm\/wp-json\/wp\/v2\/types\/post"}],"author":[{"embeddable":true,"href":"https:\/\/sertv.gob.pa\/nacionalfm\/wp-json\/wp\/v2\/users\/1"}],"replies":[{"embeddable":true,"href":"https:\/\/sertv.gob.pa\/nacionalfm\/wp-json\/wp\/v2\/comments?post=15059"}],"version-history":[{"count":0,"href":"https:\/\/sertv.gob.pa\/nacionalfm\/wp-json\/wp\/v2\/posts\/15059\/revisions"}],"wp:featuredmedia":[{"embeddable":true,"href":"https:\/\/sertv.gob.pa\/nacionalfm\/wp-json\/wp\/v2\/media\/15060"}],"wp:attachment":[{"href":"https:\/\/sertv.gob.pa\/nacionalfm\/wp-json\/wp\/v2\/media?parent=15059"}],"wp:term":[{"taxonomy":"category","embeddable":true,"href":"https:\/\/sertv.gob.pa\/nacionalfm\/wp-json\/wp\/v2\/categories?post=15059"},{"taxonomy":"post_tag","embeddable":true,"href":"https:\/\/sertv.gob.pa\/nacionalfm\/wp-json\/wp\/v2\/tags?post=15059"}],"curies":[{"name":"wp","href":"https:\/\/api.w.org\/{rel}","templated":true}]}}