{"id":15085,"date":"2016-08-25T18:33:55","date_gmt":"2016-08-25T18:33:55","guid":{"rendered":""},"modified":"2016-08-25T18:33:55","modified_gmt":"2016-08-25T18:33:55","slug":"nuevo-tratamiento-medico-para-el-cancer-renal","status":"publish","type":"post","link":"https:\/\/sertv.gob.pa\/nacionalfm\/nuevo-tratamiento-medico-para-el-cancer-renal\/","title":{"rendered":"Nuevo tratamiento m\u00e9dico para el c\u00e1ncer renal"},"content":{"rendered":"<p>\nEl c\u00e1ncer renal es un tipo de c\u00e1ncer que se produce en los ri\u00f1ones, dos \u00f3rganos que tienen la funci\u00f3n de filtrar la sangre y eliminar desechos y el exceso de l\u00edquido del organismo, transform\u00e1ndolos en orina que, desde los ri\u00f1ones, es enviada a la vejiga a trav\u00e9s de los ur\u00e9teres, para ser excretada posteriormente. <\/p>\n<p>De acuerdo con la doctora Manuela Schmidinger, m\u00e9dico onc\u00f3loga de la Universidad de Vienna, quien estuvo en Panam\u00e1 hace unas semanas, el carcinoma de c\u00e9lulas renales es el c\u00e1ncer renal m\u00e1s com\u00fan, con un 80 % de casos aproximadamente. <\/p>\n<p>Inform\u00f3 la especialista que a diferencia de otros tipos de c\u00e1nceres, el de ri\u00f1\u00f3n tiene un comportamiento muy inestable y no da s\u00edntomas. Explic\u00f3 que dentro de los pocos s\u00edntomas que una persona puede tener en c\u00e1ncer muy avanzados est\u00e1 la presencia de sangre en la orina, p\u00e9rdida de peso y dolor en el costado. <\/p>\n<p>La edad promedio de diagn\u00f3stico del c\u00e1ncer de ri\u00f1\u00f3n se ubica en los 64 a\u00f1os y los hombres tienen el doble de riesgo de desarrollar la enfermedad que las mujeres. <\/p>\n<p>El tabaquismo, la obesidad, la alta presi\u00f3n arterial y consumo de f\u00e1rmacos contra el dolor son factores de riesgo que predisponen a padecer de este mal. La herencia igualmente se ha propuesto como un factor de riesgo, seg\u00fan detalla la facultativa. <\/p>\n<p>Entre los tratamientos para esta enfermedad implica la cirug\u00eda, la quimioterapia, la radioterapia y otros tratamientos. Sin embargo, la mejor terapia para esta enfermedad, existe en el mercado hace 10 a\u00f1os y es la droga llamada Sutent. <\/p>\n<p>\u00abEl Sutent que cambi\u00f3 el porvenir de estos pacientes porque antes se trataba al paciente con otro tratamiento que brindaba una sobrevivencia media de 13 meses. Ahora con Sutent la supervivencia es de hasta 10 a\u00f1os, lo que indica una nueva esperanza para el c\u00e1ncer de ri\u00f1\u00f3n metast\u00e1sico\u00bb, acot\u00f3 Schmidinger. <\/p>\n<p>\u00a0 <\/p>\n","protected":false},"excerpt":{"rendered":"<p>El c\u00e1ncer renal es un tipo de c\u00e1ncer que se <a href=\"https:\/\/sertv.gob.pa\/nacionalfm\/nuevo-tratamiento-medico-para-el-cancer-renal\/\"> [&#8230;]<\/a><\/p>\n","protected":false},"author":1,"featured_media":15086,"comment_status":"closed","ping_status":"closed","sticky":false,"template":"","format":"standard","meta":{"footnotes":""},"categories":[5],"tags":[],"class_list":["post-15085","post","type-post","status-publish","format-standard","has-post-thumbnail","hentry","category-salud"],"_links":{"self":[{"href":"https:\/\/sertv.gob.pa\/nacionalfm\/wp-json\/wp\/v2\/posts\/15085","targetHints":{"allow":["GET"]}}],"collection":[{"href":"https:\/\/sertv.gob.pa\/nacionalfm\/wp-json\/wp\/v2\/posts"}],"about":[{"href":"https:\/\/sertv.gob.pa\/nacionalfm\/wp-json\/wp\/v2\/types\/post"}],"author":[{"embeddable":true,"href":"https:\/\/sertv.gob.pa\/nacionalfm\/wp-json\/wp\/v2\/users\/1"}],"replies":[{"embeddable":true,"href":"https:\/\/sertv.gob.pa\/nacionalfm\/wp-json\/wp\/v2\/comments?post=15085"}],"version-history":[{"count":0,"href":"https:\/\/sertv.gob.pa\/nacionalfm\/wp-json\/wp\/v2\/posts\/15085\/revisions"}],"wp:featuredmedia":[{"embeddable":true,"href":"https:\/\/sertv.gob.pa\/nacionalfm\/wp-json\/wp\/v2\/media\/15086"}],"wp:attachment":[{"href":"https:\/\/sertv.gob.pa\/nacionalfm\/wp-json\/wp\/v2\/media?parent=15085"}],"wp:term":[{"taxonomy":"category","embeddable":true,"href":"https:\/\/sertv.gob.pa\/nacionalfm\/wp-json\/wp\/v2\/categories?post=15085"},{"taxonomy":"post_tag","embeddable":true,"href":"https:\/\/sertv.gob.pa\/nacionalfm\/wp-json\/wp\/v2\/tags?post=15085"}],"curies":[{"name":"wp","href":"https:\/\/api.w.org\/{rel}","templated":true}]}}