{"id":151,"date":"2014-07-07T05:00:00","date_gmt":"2014-07-07T05:00:00","guid":{"rendered":""},"modified":"2014-07-07T05:00:00","modified_gmt":"2014-07-07T05:00:00","slug":"plan-para-erradicar-la-tuberculosis-antes-del-2050","status":"publish","type":"post","link":"https:\/\/sertv.gob.pa\/nacionalfm\/plan-para-erradicar-la-tuberculosis-antes-del-2050\/","title":{"rendered":"Plan para erradicar la tuberculosis antes del 2050"},"content":{"rendered":"<p>\nLa Organizaci\u00f3n Mundial de la Salud (OMS) solicit\u00f3, en una reuni\u00f3n que tendr\u00e1 lugar el 4 y 5 de julio en Roma, a m\u00e1s de 30 pa\u00edses que adopten un nuevo programa para eliminar la tuberculosis antes del 2050. <\/p>\n<p>En la actualidad hay 33 pa\u00edses y territorios, la mayor\u00eda de los m\u00e1s ricos del planeta, en los que se registran menos de 100 nuevos casos de tuberculosis por mill\u00f3n de habitantes. <\/p>\n<p>&lsquo;En la mayor\u00eda de estos pa\u00edses la gente piensa que la enfermedad ya no existe&rsquo;, declar\u00f3 Mario Raviglione, director del programa de la OMS.\u00a0 @nacionalFm <\/p>\n<p>\u00a0 <\/p>\n","protected":false},"excerpt":{"rendered":"<p>La Organizaci\u00f3n Mundial de la Salud (OMS) solicit\u00f3, en una <a href=\"https:\/\/sertv.gob.pa\/nacionalfm\/plan-para-erradicar-la-tuberculosis-antes-del-2050\/\"> [&#8230;]<\/a><\/p>\n","protected":false},"author":1,"featured_media":152,"comment_status":"closed","ping_status":"closed","sticky":false,"template":"","format":"standard","meta":{"footnotes":""},"categories":[5],"tags":[],"class_list":["post-151","post","type-post","status-publish","format-standard","has-post-thumbnail","hentry","category-salud"],"_links":{"self":[{"href":"https:\/\/sertv.gob.pa\/nacionalfm\/wp-json\/wp\/v2\/posts\/151","targetHints":{"allow":["GET"]}}],"collection":[{"href":"https:\/\/sertv.gob.pa\/nacionalfm\/wp-json\/wp\/v2\/posts"}],"about":[{"href":"https:\/\/sertv.gob.pa\/nacionalfm\/wp-json\/wp\/v2\/types\/post"}],"author":[{"embeddable":true,"href":"https:\/\/sertv.gob.pa\/nacionalfm\/wp-json\/wp\/v2\/users\/1"}],"replies":[{"embeddable":true,"href":"https:\/\/sertv.gob.pa\/nacionalfm\/wp-json\/wp\/v2\/comments?post=151"}],"version-history":[{"count":0,"href":"https:\/\/sertv.gob.pa\/nacionalfm\/wp-json\/wp\/v2\/posts\/151\/revisions"}],"wp:featuredmedia":[{"embeddable":true,"href":"https:\/\/sertv.gob.pa\/nacionalfm\/wp-json\/wp\/v2\/media\/152"}],"wp:attachment":[{"href":"https:\/\/sertv.gob.pa\/nacionalfm\/wp-json\/wp\/v2\/media?parent=151"}],"wp:term":[{"taxonomy":"category","embeddable":true,"href":"https:\/\/sertv.gob.pa\/nacionalfm\/wp-json\/wp\/v2\/categories?post=151"},{"taxonomy":"post_tag","embeddable":true,"href":"https:\/\/sertv.gob.pa\/nacionalfm\/wp-json\/wp\/v2\/tags?post=151"}],"curies":[{"name":"wp","href":"https:\/\/api.w.org\/{rel}","templated":true}]}}