{"id":1510,"date":"2014-09-11T05:00:00","date_gmt":"2014-09-11T05:00:00","guid":{"rendered":""},"modified":"2014-09-11T05:00:00","modified_gmt":"2014-09-11T05:00:00","slug":"comienza-la-batalla-contra-el-dengue-y-el-chikungunya-en-rio-abajo","status":"publish","type":"post","link":"https:\/\/sertv.gob.pa\/nacionalfm\/comienza-la-batalla-contra-el-dengue-y-el-chikungunya-en-rio-abajo\/","title":{"rendered":"Comienza la batalla contra el dengue y el chikungunya, en R\u00edo Abajo"},"content":{"rendered":"<p>\nUn operativo de limpieza y fumigaci\u00f3n en el corregimiento de R\u00edo Abajo, est\u00e1n llevando a cabo las  autoridades de Salud y la Autoridad de Aseo Urbano y Domiciliario (AAUD),  con el prop\u00f3sito de eliminar los criaderos de los mosquitos  Aedes aegypti y Aedes albopictus  transmisores del  dengue y chikungunya.  <\/p>\n<p>Sobre este hecho, Aurelio Rangel, director  metropolitano de Salud,  especific\u00f3 en un medio local, que el operativo tiene como prioridad la Calle 17, donde se han detectado siete casos aut\u00f3ctonos de  Chikungunya.  <\/p>\n<p>De la misma manera, Rangel   puntualiz\u00f3, que se tomar\u00e1n muestras de sangre a pacientes febriles para detectar posibles casos de dengue o chikungunya. <\/p>\n<p>Al presente, las autoridades de Salud registran un total de 8 casos aut\u00f3ctonos de  chikungunya  y mil 095 casos de dengue en el \u00e1rea metropolitana. <\/p>\n<p>Es importante se\u00f1alar, que  Panam\u00e1 es el segundo pa\u00eds de Centroam\u00e9rica con casos aut\u00f3ctonos de Chikungunya, despu\u00e9s de El Salvador. \u00a0 @nacionalFm <\/p>\n","protected":false},"excerpt":{"rendered":"<p>Un operativo de limpieza y fumigaci\u00f3n en el corregimiento de <a href=\"https:\/\/sertv.gob.pa\/nacionalfm\/comienza-la-batalla-contra-el-dengue-y-el-chikungunya-en-rio-abajo\/\"> [&#8230;]<\/a><\/p>\n","protected":false},"author":1,"featured_media":1511,"comment_status":"closed","ping_status":"closed","sticky":false,"template":"","format":"standard","meta":{"footnotes":""},"categories":[5],"tags":[],"class_list":["post-1510","post","type-post","status-publish","format-standard","has-post-thumbnail","hentry","category-salud"],"_links":{"self":[{"href":"https:\/\/sertv.gob.pa\/nacionalfm\/wp-json\/wp\/v2\/posts\/1510","targetHints":{"allow":["GET"]}}],"collection":[{"href":"https:\/\/sertv.gob.pa\/nacionalfm\/wp-json\/wp\/v2\/posts"}],"about":[{"href":"https:\/\/sertv.gob.pa\/nacionalfm\/wp-json\/wp\/v2\/types\/post"}],"author":[{"embeddable":true,"href":"https:\/\/sertv.gob.pa\/nacionalfm\/wp-json\/wp\/v2\/users\/1"}],"replies":[{"embeddable":true,"href":"https:\/\/sertv.gob.pa\/nacionalfm\/wp-json\/wp\/v2\/comments?post=1510"}],"version-history":[{"count":0,"href":"https:\/\/sertv.gob.pa\/nacionalfm\/wp-json\/wp\/v2\/posts\/1510\/revisions"}],"wp:featuredmedia":[{"embeddable":true,"href":"https:\/\/sertv.gob.pa\/nacionalfm\/wp-json\/wp\/v2\/media\/1511"}],"wp:attachment":[{"href":"https:\/\/sertv.gob.pa\/nacionalfm\/wp-json\/wp\/v2\/media?parent=1510"}],"wp:term":[{"taxonomy":"category","embeddable":true,"href":"https:\/\/sertv.gob.pa\/nacionalfm\/wp-json\/wp\/v2\/categories?post=1510"},{"taxonomy":"post_tag","embeddable":true,"href":"https:\/\/sertv.gob.pa\/nacionalfm\/wp-json\/wp\/v2\/tags?post=1510"}],"curies":[{"name":"wp","href":"https:\/\/api.w.org\/{rel}","templated":true}]}}