{"id":15107,"date":"2016-08-26T16:20:20","date_gmt":"2016-08-26T16:20:20","guid":{"rendered":""},"modified":"2016-08-26T16:20:20","modified_gmt":"2016-08-26T16:20:20","slug":"dormir-poco-o-mucho-aumenta-el-riesgo-de-diabetes","status":"publish","type":"post","link":"https:\/\/sertv.gob.pa\/nacionalfm\/dormir-poco-o-mucho-aumenta-el-riesgo-de-diabetes\/","title":{"rendered":"Dormir poco o mucho aumenta el riesgo de diabetes"},"content":{"rendered":"<p>\nEl sue\u00f1o juega un papel vital en la salud de las personas. Muchas veces solo nos centramos en la importancia del sue\u00f1o de buena calidad y no nos damos cuenta de que el tiempo dedicado al sue\u00f1o puede ser tan relevante para nuestra salud. <\/p>\n<p>Seg\u00fan los expertos, la duraci\u00f3n \u00f3ptima del sue\u00f1o de los adultos para una buena salud a nivel poblacional es entre 7 y 9 horas, aunque abren la puerta a una variabilidad individual. <\/p>\n<p>Mientras una duraci\u00f3n corta del sue\u00f1o (seis horas o menos para un periodo de 24 horas) se asocia con resultados adversos, incluida la mortalidad, pero un sue\u00f1o demasiado largo ( 9-10 horas en un periodo de 24 horas) igualmente puede estar asociado con resultados negativos para la salud. <\/p>\n<p>Lo cierto es que son varios los grupos de investigadores que han alertado de que dormir menos de seis horas o m\u00e1s de nueve puede acarrear problemas de salud graves. La \u00faltima investigaci\u00f3n ha sido publicada en &lsquo;Journal of Clinical Endocrinology &#038; Metabolism&rsquo;, la revista de la Sociedad de Endocrinolog\u00eda Americana, y afirma que los hombres que duermen menos o m\u00e1s horas de promedio pueden enfrentarse a un mayor peligro de desarrollar diabetes. <\/p>\n<p>\u00a0 <\/p>\n","protected":false},"excerpt":{"rendered":"<p>El sue\u00f1o juega un papel vital en la salud de <a href=\"https:\/\/sertv.gob.pa\/nacionalfm\/dormir-poco-o-mucho-aumenta-el-riesgo-de-diabetes\/\"> [&#8230;]<\/a><\/p>\n","protected":false},"author":1,"featured_media":15108,"comment_status":"closed","ping_status":"closed","sticky":false,"template":"","format":"standard","meta":{"footnotes":""},"categories":[5],"tags":[],"class_list":["post-15107","post","type-post","status-publish","format-standard","has-post-thumbnail","hentry","category-salud"],"_links":{"self":[{"href":"https:\/\/sertv.gob.pa\/nacionalfm\/wp-json\/wp\/v2\/posts\/15107","targetHints":{"allow":["GET"]}}],"collection":[{"href":"https:\/\/sertv.gob.pa\/nacionalfm\/wp-json\/wp\/v2\/posts"}],"about":[{"href":"https:\/\/sertv.gob.pa\/nacionalfm\/wp-json\/wp\/v2\/types\/post"}],"author":[{"embeddable":true,"href":"https:\/\/sertv.gob.pa\/nacionalfm\/wp-json\/wp\/v2\/users\/1"}],"replies":[{"embeddable":true,"href":"https:\/\/sertv.gob.pa\/nacionalfm\/wp-json\/wp\/v2\/comments?post=15107"}],"version-history":[{"count":0,"href":"https:\/\/sertv.gob.pa\/nacionalfm\/wp-json\/wp\/v2\/posts\/15107\/revisions"}],"wp:featuredmedia":[{"embeddable":true,"href":"https:\/\/sertv.gob.pa\/nacionalfm\/wp-json\/wp\/v2\/media\/15108"}],"wp:attachment":[{"href":"https:\/\/sertv.gob.pa\/nacionalfm\/wp-json\/wp\/v2\/media?parent=15107"}],"wp:term":[{"taxonomy":"category","embeddable":true,"href":"https:\/\/sertv.gob.pa\/nacionalfm\/wp-json\/wp\/v2\/categories?post=15107"},{"taxonomy":"post_tag","embeddable":true,"href":"https:\/\/sertv.gob.pa\/nacionalfm\/wp-json\/wp\/v2\/tags?post=15107"}],"curies":[{"name":"wp","href":"https:\/\/api.w.org\/{rel}","templated":true}]}}