{"id":15109,"date":"2016-08-26T16:33:06","date_gmt":"2016-08-26T16:33:06","guid":{"rendered":""},"modified":"2016-08-26T16:33:06","modified_gmt":"2016-08-26T16:33:06","slug":"comprueban-que-sobrepeso-y-obesidad-son-factores-de-riesgo-de-cancer","status":"publish","type":"post","link":"https:\/\/sertv.gob.pa\/nacionalfm\/comprueban-que-sobrepeso-y-obesidad-son-factores-de-riesgo-de-cancer\/","title":{"rendered":"Comprueban que sobrepeso y obesidad son factores de riesgo de c\u00e1ncer"},"content":{"rendered":"<p>\nLos cient\u00edficos han hallado &ldquo;suficiente evidencia&rdquo; de que el sobrepeso y la obesidad entra\u00f1an un riesgo de desarrollar 8 tipos de c\u00e1ncer para los que el v\u00ednculo no estaba demostrado hasta ahora, seg\u00fan la Agencia Internacional para la Investigaci\u00f3n del C\u00e1ncer (IARC) <\/p>\n<p>Esta agencia, que depende de la ONU y tiene su sede en Lyon (Francia), indica que la ausencia de exceso de grasa corporal disminuye el riesgo de sufrir c\u00e1ncer de cardias g\u00e1strico, h\u00edgado, ves\u00edcula, p\u00e1ncreas, ovario y tiroides, as\u00ed como meningioma y mieloma m\u00faltiple. <\/p>\n<p>Hay &ldquo;evidencia limitada&rdquo; de que evitar el sobrepeso reduce el riesgo de fallecer por c\u00e1ncer de pr\u00f3stata, c\u00e1ncer de pecho para los hombres y linfoma de las c\u00e9lulas B grandes, agrega la nota. <\/p>\n<p>Estas son las conclusiones del trabajo de 21 expertos internacionales independientes a los que la agencia encarg\u00f3 que repasaran m\u00e1s de 1.000 estudios, lo que inclu\u00eda an\u00e1lisis del comportamiento de varias generaciones, experimentos con animales e investigaciones sobre la relaci\u00f3n del c\u00e1ncer con un exceso de grasa corporal. <\/p>\n<p>Los expertos confirmaron lo que la propia IARC ya hab\u00eda establecido en otra evaluaci\u00f3n publicada en 2002: el sobrepeso y la obesidad son un factor en los c\u00e1ncer de colon y recto, es\u00f3fago, ri\u00f1\u00f3n, mama en las mujeres menop\u00e1usicas y endometrio del \u00fatero. <\/p>\n<p>El grupo de trabajo revis\u00f3 igualmente las informaciones cient\u00edficas disponibles sobre la obesidad de ni\u00f1os, adolescentes y j\u00f3venes hasta 25 a\u00f1os para determinar si eso pod\u00eda suponer una mayor probabilidad de c\u00e1ncer en la edad adulta. <\/p>\n<p>De hecho, encontr\u00f3 que para algunos c\u00e1nceres como el de colon y el de h\u00edgado, la asociaci\u00f3n entre sobrepeso y c\u00e1ncer era similar a la observada para los adultos. <\/p>\n<p>La IARC hizo hincapi\u00e9 en que en los estudios experimentales con animales ha quedado bien establecido la incidencia para varios tipos de c\u00e1ncer. <\/p>\n<p>En concreto, las dietas con restricci\u00f3n de calor\u00edas disminuyen el peligro de sufrir c\u00e1ncer de las gl\u00e1ndulas mamarias, colon, p\u00e1ncreas, piel y la gl\u00e1ndula pituitaria. <\/p>\n<p>\u00a0 <\/p>\n<p>\u00a0 <\/p>\n","protected":false},"excerpt":{"rendered":"<p>Los cient\u00edficos han hallado &ldquo;suficiente evidencia&rdquo; de que el sobrepeso <a href=\"https:\/\/sertv.gob.pa\/nacionalfm\/comprueban-que-sobrepeso-y-obesidad-son-factores-de-riesgo-de-cancer\/\"> [&#8230;]<\/a><\/p>\n","protected":false},"author":1,"featured_media":15110,"comment_status":"closed","ping_status":"closed","sticky":false,"template":"","format":"standard","meta":{"footnotes":""},"categories":[5],"tags":[],"class_list":["post-15109","post","type-post","status-publish","format-standard","has-post-thumbnail","hentry","category-salud"],"_links":{"self":[{"href":"https:\/\/sertv.gob.pa\/nacionalfm\/wp-json\/wp\/v2\/posts\/15109","targetHints":{"allow":["GET"]}}],"collection":[{"href":"https:\/\/sertv.gob.pa\/nacionalfm\/wp-json\/wp\/v2\/posts"}],"about":[{"href":"https:\/\/sertv.gob.pa\/nacionalfm\/wp-json\/wp\/v2\/types\/post"}],"author":[{"embeddable":true,"href":"https:\/\/sertv.gob.pa\/nacionalfm\/wp-json\/wp\/v2\/users\/1"}],"replies":[{"embeddable":true,"href":"https:\/\/sertv.gob.pa\/nacionalfm\/wp-json\/wp\/v2\/comments?post=15109"}],"version-history":[{"count":0,"href":"https:\/\/sertv.gob.pa\/nacionalfm\/wp-json\/wp\/v2\/posts\/15109\/revisions"}],"wp:featuredmedia":[{"embeddable":true,"href":"https:\/\/sertv.gob.pa\/nacionalfm\/wp-json\/wp\/v2\/media\/15110"}],"wp:attachment":[{"href":"https:\/\/sertv.gob.pa\/nacionalfm\/wp-json\/wp\/v2\/media?parent=15109"}],"wp:term":[{"taxonomy":"category","embeddable":true,"href":"https:\/\/sertv.gob.pa\/nacionalfm\/wp-json\/wp\/v2\/categories?post=15109"},{"taxonomy":"post_tag","embeddable":true,"href":"https:\/\/sertv.gob.pa\/nacionalfm\/wp-json\/wp\/v2\/tags?post=15109"}],"curies":[{"name":"wp","href":"https:\/\/api.w.org\/{rel}","templated":true}]}}