{"id":15117,"date":"2016-08-26T20:33:06","date_gmt":"2016-08-26T20:33:06","guid":{"rendered":""},"modified":"2016-08-26T20:33:06","modified_gmt":"2016-08-26T20:33:06","slug":"panama-sede-de-torneo-de-tenis-con-participacion-de-16-paises","status":"publish","type":"post","link":"https:\/\/sertv.gob.pa\/nacionalfm\/panama-sede-de-torneo-de-tenis-con-participacion-de-16-paises\/","title":{"rendered":"Panam\u00e1 sede de Torneo de Tenis con participaci\u00f3n de 16 pa\u00edses"},"content":{"rendered":"<p>\nDel 29 de agosto al 3 de septiembre se llevar\u00e1 a cabo en el Complejo Deportivo Fred Maduro el Torneo de Tenis &ldquo;Mid Season&rdquo; categor\u00eda sub-18 que otorga puntos para el ranking mundial de la Federaci\u00f3n Internacional de Tenis, con la participaci\u00f3n de 70 tniestas de 16 pa\u00edses, en ambas ramas y en formatos de sencillos y dobles. <\/p>\n<p>\u00a0&ldquo;Ser\u00e1 un evento en donde est\u00e1n inscritos jugadores de pa\u00edses importantes en tenis internacional como Rusia, Estados Unidos, Italia, India, Serbia y por supuesto Panam\u00e1&rdquo; se\u00f1al\u00f3 Bobby Jhonson de la Federaci\u00f3n Paname\u00f1a de Tenis. <\/p>\n<p>Agreg\u00f3 que nuestro pa\u00eds estar\u00e1 participando con cerca de 16 tenistas entre los que se encuentran Jorge Ch\u00e9vez, Jason Ja\u00e9n, mois\u00e9s Tatis y en la categor\u00eda femenina Andrea Tudella, Sulay Casta\u00f1eda, Karen Contreras, Bel\u00e9n Deus, entre otras participantes. <\/p>\n<p>Los partidos iniciar\u00e1n desde las 9 de la ma\u00f1ana. <\/p>\n<p>\u00a0 <\/p>\n","protected":false},"excerpt":{"rendered":"<p>Del 29 de agosto al 3 de septiembre se llevar\u00e1 <a href=\"https:\/\/sertv.gob.pa\/nacionalfm\/panama-sede-de-torneo-de-tenis-con-participacion-de-16-paises\/\"> [&#8230;]<\/a><\/p>\n","protected":false},"author":1,"featured_media":15118,"comment_status":"closed","ping_status":"closed","sticky":false,"template":"","format":"standard","meta":{"footnotes":""},"categories":[4],"tags":[],"class_list":["post-15117","post","type-post","status-publish","format-standard","has-post-thumbnail","hentry","category-deportes"],"_links":{"self":[{"href":"https:\/\/sertv.gob.pa\/nacionalfm\/wp-json\/wp\/v2\/posts\/15117","targetHints":{"allow":["GET"]}}],"collection":[{"href":"https:\/\/sertv.gob.pa\/nacionalfm\/wp-json\/wp\/v2\/posts"}],"about":[{"href":"https:\/\/sertv.gob.pa\/nacionalfm\/wp-json\/wp\/v2\/types\/post"}],"author":[{"embeddable":true,"href":"https:\/\/sertv.gob.pa\/nacionalfm\/wp-json\/wp\/v2\/users\/1"}],"replies":[{"embeddable":true,"href":"https:\/\/sertv.gob.pa\/nacionalfm\/wp-json\/wp\/v2\/comments?post=15117"}],"version-history":[{"count":0,"href":"https:\/\/sertv.gob.pa\/nacionalfm\/wp-json\/wp\/v2\/posts\/15117\/revisions"}],"wp:featuredmedia":[{"embeddable":true,"href":"https:\/\/sertv.gob.pa\/nacionalfm\/wp-json\/wp\/v2\/media\/15118"}],"wp:attachment":[{"href":"https:\/\/sertv.gob.pa\/nacionalfm\/wp-json\/wp\/v2\/media?parent=15117"}],"wp:term":[{"taxonomy":"category","embeddable":true,"href":"https:\/\/sertv.gob.pa\/nacionalfm\/wp-json\/wp\/v2\/categories?post=15117"},{"taxonomy":"post_tag","embeddable":true,"href":"https:\/\/sertv.gob.pa\/nacionalfm\/wp-json\/wp\/v2\/tags?post=15117"}],"curies":[{"name":"wp","href":"https:\/\/api.w.org\/{rel}","templated":true}]}}