{"id":15135,"date":"2016-08-29T15:37:32","date_gmt":"2016-08-29T15:37:32","guid":{"rendered":""},"modified":"2016-08-29T15:37:32","modified_gmt":"2016-08-29T15:37:32","slug":"federacion-de-judo-celebra-taller-de-promocion-y-patrocinio","status":"publish","type":"post","link":"https:\/\/sertv.gob.pa\/nacionalfm\/federacion-de-judo-celebra-taller-de-promocion-y-patrocinio\/","title":{"rendered":"Federaci\u00f3n de Judo celebra taller de Promoci\u00f3n y Patrocinio"},"content":{"rendered":"<p>\nLa Federaci\u00f3n Unida de Judo de Panam\u00e1 con el apoyo del Comit\u00e9 Ol\u00edmpico de Panam\u00e1, celebr\u00f3 un Taller de Promoci\u00f3n y Patrocinio en las Organizaciones Deportivas. <\/p>\n<p>En el reci\u00e9n inaugurado auditorio de la sede del COP, se dieron cita entrenadores, directores de clubes, de ligas provinciales de cinco provincias: Col\u00f3n, Cocl\u00e9, Veraguas, Panam\u00e1 y Panam\u00e1 Oeste, los cuales se relacionaron con la asesora legal del COP, Damaris Young, qui\u00e9n dict\u00f3 el curso de cuatro horas. <\/p>\n<p>Estela Riley, presidenta de FEUJUPA, se\u00f1ala que \u00abse han realizado varios esfuerzos para capacitar a todo factor humano que intervienen en el judo en Panam\u00e1. Este les da las herramientas para la autogesti\u00f3n de proyectos y promueve la uni\u00f3n de nuestra federaci\u00f3n\u00bb. <\/p>\n<p>Por su parte, Young, sostuvo que \u00abel crecimiento del deporte va de la mano de la educaci\u00f3n y capacitaci\u00f3n de todos los actores que participan en el COP\u00bb. <\/p>\n<p>\u00a0 <\/p>\n","protected":false},"excerpt":{"rendered":"<p>La Federaci\u00f3n Unida de Judo de Panam\u00e1 con el apoyo <a href=\"https:\/\/sertv.gob.pa\/nacionalfm\/federacion-de-judo-celebra-taller-de-promocion-y-patrocinio\/\"> [&#8230;]<\/a><\/p>\n","protected":false},"author":1,"featured_media":15136,"comment_status":"closed","ping_status":"closed","sticky":false,"template":"","format":"standard","meta":{"footnotes":""},"categories":[4],"tags":[],"class_list":["post-15135","post","type-post","status-publish","format-standard","has-post-thumbnail","hentry","category-deportes"],"_links":{"self":[{"href":"https:\/\/sertv.gob.pa\/nacionalfm\/wp-json\/wp\/v2\/posts\/15135","targetHints":{"allow":["GET"]}}],"collection":[{"href":"https:\/\/sertv.gob.pa\/nacionalfm\/wp-json\/wp\/v2\/posts"}],"about":[{"href":"https:\/\/sertv.gob.pa\/nacionalfm\/wp-json\/wp\/v2\/types\/post"}],"author":[{"embeddable":true,"href":"https:\/\/sertv.gob.pa\/nacionalfm\/wp-json\/wp\/v2\/users\/1"}],"replies":[{"embeddable":true,"href":"https:\/\/sertv.gob.pa\/nacionalfm\/wp-json\/wp\/v2\/comments?post=15135"}],"version-history":[{"count":0,"href":"https:\/\/sertv.gob.pa\/nacionalfm\/wp-json\/wp\/v2\/posts\/15135\/revisions"}],"wp:featuredmedia":[{"embeddable":true,"href":"https:\/\/sertv.gob.pa\/nacionalfm\/wp-json\/wp\/v2\/media\/15136"}],"wp:attachment":[{"href":"https:\/\/sertv.gob.pa\/nacionalfm\/wp-json\/wp\/v2\/media?parent=15135"}],"wp:term":[{"taxonomy":"category","embeddable":true,"href":"https:\/\/sertv.gob.pa\/nacionalfm\/wp-json\/wp\/v2\/categories?post=15135"},{"taxonomy":"post_tag","embeddable":true,"href":"https:\/\/sertv.gob.pa\/nacionalfm\/wp-json\/wp\/v2\/tags?post=15135"}],"curies":[{"name":"wp","href":"https:\/\/api.w.org\/{rel}","templated":true}]}}