{"id":15145,"date":"2016-08-29T16:23:31","date_gmt":"2016-08-29T16:23:31","guid":{"rendered":""},"modified":"2016-08-29T16:23:31","modified_gmt":"2016-08-29T16:23:31","slug":"panamena-gana-medalla-de-oro-en-mundial-de-jiu-jitsu","status":"publish","type":"post","link":"https:\/\/sertv.gob.pa\/nacionalfm\/panamena-gana-medalla-de-oro-en-mundial-de-jiu-jitsu\/","title":{"rendered":"Paname\u00f1a gana medalla de oro en Mundial de Jiu-Jitsu"},"content":{"rendered":"<p>\nLa paname\u00f1a Jennis\u00edn Rosan\u00eda obtuvo medalla de oro en Las Vegas donde se realiz\u00f3 el campeonato Mundial M\u00e1ster de Jiu-Jitsu, modalidad brasile\u00f1a. <\/p>\n<p>Rosan\u00eda, oriunda de Col\u00f3n, es la primera paname\u00f1a que logra esta distinci\u00f3n, que le ayud\u00f3 a obtener el cintur\u00f3n chocolate o marr\u00f3n, el m\u00e1s alto rango en Panam\u00e1 para una mujer que practica este deporte. <\/p>\n<p>La medalla para Rosan\u00eda significa la culminaci\u00f3n de una serie de sacrificios f\u00edsicos y mentales, perseverancia y amor por el deporte que practica. <\/p>\n<p>La atleta paname\u00f1a estuvo acompa\u00f1ada por Aldo Aramayo, que consigui\u00f3 bronce, y por Eduardo Grimaldo y Guillermo Gonz\u00e1lez ,  que ganaron un combate. <\/p>\n<p>La campeona mundial de la categor\u00eda de 120 a 129 libras, con kimono incluido, le dedica la victoria a todo Panam\u00e1 y desea que sirva de motivaci\u00f3n para que m\u00e1s atletas, en especial damas, &ldquo;crean que s\u00ed se puede hacer crecer m\u00e1s nuestro deporte&rdquo;. <\/p>\n<p>El evento fue reconocido por la Federaci\u00f3n Internacional de Jiu Jitsu Brasile\u00f1o. <\/p>\n<p>\u00a0 <\/p>\n","protected":false},"excerpt":{"rendered":"<p>La paname\u00f1a Jennis\u00edn Rosan\u00eda obtuvo medalla de oro en Las <a href=\"https:\/\/sertv.gob.pa\/nacionalfm\/panamena-gana-medalla-de-oro-en-mundial-de-jiu-jitsu\/\"> [&#8230;]<\/a><\/p>\n","protected":false},"author":1,"featured_media":15146,"comment_status":"closed","ping_status":"closed","sticky":false,"template":"","format":"standard","meta":{"footnotes":""},"categories":[4],"tags":[],"class_list":["post-15145","post","type-post","status-publish","format-standard","has-post-thumbnail","hentry","category-deportes"],"_links":{"self":[{"href":"https:\/\/sertv.gob.pa\/nacionalfm\/wp-json\/wp\/v2\/posts\/15145","targetHints":{"allow":["GET"]}}],"collection":[{"href":"https:\/\/sertv.gob.pa\/nacionalfm\/wp-json\/wp\/v2\/posts"}],"about":[{"href":"https:\/\/sertv.gob.pa\/nacionalfm\/wp-json\/wp\/v2\/types\/post"}],"author":[{"embeddable":true,"href":"https:\/\/sertv.gob.pa\/nacionalfm\/wp-json\/wp\/v2\/users\/1"}],"replies":[{"embeddable":true,"href":"https:\/\/sertv.gob.pa\/nacionalfm\/wp-json\/wp\/v2\/comments?post=15145"}],"version-history":[{"count":0,"href":"https:\/\/sertv.gob.pa\/nacionalfm\/wp-json\/wp\/v2\/posts\/15145\/revisions"}],"wp:featuredmedia":[{"embeddable":true,"href":"https:\/\/sertv.gob.pa\/nacionalfm\/wp-json\/wp\/v2\/media\/15146"}],"wp:attachment":[{"href":"https:\/\/sertv.gob.pa\/nacionalfm\/wp-json\/wp\/v2\/media?parent=15145"}],"wp:term":[{"taxonomy":"category","embeddable":true,"href":"https:\/\/sertv.gob.pa\/nacionalfm\/wp-json\/wp\/v2\/categories?post=15145"},{"taxonomy":"post_tag","embeddable":true,"href":"https:\/\/sertv.gob.pa\/nacionalfm\/wp-json\/wp\/v2\/tags?post=15145"}],"curies":[{"name":"wp","href":"https:\/\/api.w.org\/{rel}","templated":true}]}}