{"id":15157,"date":"2016-08-29T18:42:40","date_gmt":"2016-08-29T18:42:40","guid":{"rendered":""},"modified":"2016-08-29T18:42:40","modified_gmt":"2016-08-29T18:42:40","slug":"envejecimiento-prematuro-se-retarda-comiendo-menos","status":"publish","type":"post","link":"https:\/\/sertv.gob.pa\/nacionalfm\/envejecimiento-prematuro-se-retarda-comiendo-menos\/","title":{"rendered":"Envejecimiento prematuro se retarda comiendo menos"},"content":{"rendered":"<p>\nLas restricciones en la dieta demoran el envejecimiento precoz, extienden la esperanza de vida y protegen contra da\u00f1os en el ADN, seg\u00fan un estudio que publica la revista \u00abNature\u00bb. <\/p>\n<p>Los cient\u00edficos de la Universidad de Rotterdam (Holanda), que efectuaron la investigaci\u00f3n usando ratones, descubrieron que al establecer restricciones de un 30% en la comida que los animales consum\u00edan se triplicaba su esperanza de vida y se suprim\u00edan numerosos s\u00edntomas que aceleran el envejecimiento. <\/p>\n<p>Adem\u00e1s, los expertos hallaron que los ratones sujetos a una dieta reten\u00edan un 50% m\u00e1s de c\u00e9lulas nerviosas que aquellos que pod\u00edan ingerir tanto como quisieran. <\/p>\n<p>El director del estudio, Jan Hoeijmakers, y su equipo, afirmaron que algunas terapias, basadas en los efectos de las restricciones diet\u00e9ticas, podr\u00edan ser usadas para tratar s\u00edndromes progeroides, enfermedades gen\u00e9ticas que ocasionan envejecimiento prematuro y neurodegeneraci\u00f3n. <\/p>\n<p>Algunos de estos s\u00edndromes progeroides est\u00e1n causados por defectos en la maquinaria de reparaci\u00f3n del \u00e1cido desoxirribonucleico o ADN, lo que conduce a un da\u00f1o persistente en el mismo y acelera el envejecimiento. <\/p>\n<p>Los investigadores advierten de que todav\u00eda est\u00e1 por confirmar si los efectos derivados de establecer limitaciones en la dieta de los ratones se pueden trasladar igualmente a los seres humanos.\u00a0 <\/p>\n<p>\u00a0 <\/p>\n","protected":false},"excerpt":{"rendered":"<p>Las restricciones en la dieta demoran el envejecimiento precoz, extienden <a href=\"https:\/\/sertv.gob.pa\/nacionalfm\/envejecimiento-prematuro-se-retarda-comiendo-menos\/\"> [&#8230;]<\/a><\/p>\n","protected":false},"author":1,"featured_media":15158,"comment_status":"closed","ping_status":"closed","sticky":false,"template":"","format":"standard","meta":{"footnotes":""},"categories":[5],"tags":[],"class_list":["post-15157","post","type-post","status-publish","format-standard","has-post-thumbnail","hentry","category-salud"],"_links":{"self":[{"href":"https:\/\/sertv.gob.pa\/nacionalfm\/wp-json\/wp\/v2\/posts\/15157","targetHints":{"allow":["GET"]}}],"collection":[{"href":"https:\/\/sertv.gob.pa\/nacionalfm\/wp-json\/wp\/v2\/posts"}],"about":[{"href":"https:\/\/sertv.gob.pa\/nacionalfm\/wp-json\/wp\/v2\/types\/post"}],"author":[{"embeddable":true,"href":"https:\/\/sertv.gob.pa\/nacionalfm\/wp-json\/wp\/v2\/users\/1"}],"replies":[{"embeddable":true,"href":"https:\/\/sertv.gob.pa\/nacionalfm\/wp-json\/wp\/v2\/comments?post=15157"}],"version-history":[{"count":0,"href":"https:\/\/sertv.gob.pa\/nacionalfm\/wp-json\/wp\/v2\/posts\/15157\/revisions"}],"wp:featuredmedia":[{"embeddable":true,"href":"https:\/\/sertv.gob.pa\/nacionalfm\/wp-json\/wp\/v2\/media\/15158"}],"wp:attachment":[{"href":"https:\/\/sertv.gob.pa\/nacionalfm\/wp-json\/wp\/v2\/media?parent=15157"}],"wp:term":[{"taxonomy":"category","embeddable":true,"href":"https:\/\/sertv.gob.pa\/nacionalfm\/wp-json\/wp\/v2\/categories?post=15157"},{"taxonomy":"post_tag","embeddable":true,"href":"https:\/\/sertv.gob.pa\/nacionalfm\/wp-json\/wp\/v2\/tags?post=15157"}],"curies":[{"name":"wp","href":"https:\/\/api.w.org\/{rel}","templated":true}]}}