{"id":15163,"date":"2016-08-29T20:43:05","date_gmt":"2016-08-29T20:43:05","guid":{"rendered":""},"modified":"2016-08-29T20:43:05","modified_gmt":"2016-08-29T20:43:05","slug":"realizan-ii-carrera-infantil-de-ciclismo","status":"publish","type":"post","link":"https:\/\/sertv.gob.pa\/nacionalfm\/realizan-ii-carrera-infantil-de-ciclismo\/","title":{"rendered":"Realizan II Carrera Infantil de Ciclismo"},"content":{"rendered":"<p>\n El Circuito Peque Atletas realiz\u00f3 la II Carrera Infantil de Ciclismo, patrocinado por la Nestl\u00e9, como parte de las iniciativas que impulsa el programa Unidos por Ni\u00f1os.  <\/p>\n<p> Ni\u00f1os en edades desde los 4 hasta los 17 a\u00f1os participaron de esta divertida y saludable actividad, por su parte los padres aprovecharon la oportunidad para recibir asesor\u00eda nutricional y herramientas de expertos de Nestl\u00e9 para promover h\u00e1bitos saludables en sus ni\u00f1os.\u00a0   <\/p>\n<p> En la carrera todos los ni\u00f1os fueron ganadores, no s\u00f3lo por recibir los premios y la medalla que reconoce su participaci\u00f3n sino tambi\u00e9n por el disfrute de un d\u00eda familiar inolvidable.   <\/p>\n<p> Unidos por Ni\u00f1os Saludables, busca promover la alimentaci\u00f3n adecuada y estilos de vida saludables en ni\u00f1os; a trav\u00e9s de la educaci\u00f3n a los padres, profesionales de la salud, escuelas y la ciudadan\u00eda en general; con el fin de contribuir a minimizar el riesgo de obesidad infantil en Panam\u00e1.\u00a0  <\/p>\n","protected":false},"excerpt":{"rendered":"<p>El Circuito Peque Atletas realiz\u00f3 la II Carrera Infantil de <a href=\"https:\/\/sertv.gob.pa\/nacionalfm\/realizan-ii-carrera-infantil-de-ciclismo\/\"> [&#8230;]<\/a><\/p>\n","protected":false},"author":1,"featured_media":15164,"comment_status":"closed","ping_status":"closed","sticky":false,"template":"","format":"standard","meta":{"footnotes":""},"categories":[4],"tags":[],"class_list":["post-15163","post","type-post","status-publish","format-standard","has-post-thumbnail","hentry","category-deportes"],"_links":{"self":[{"href":"https:\/\/sertv.gob.pa\/nacionalfm\/wp-json\/wp\/v2\/posts\/15163","targetHints":{"allow":["GET"]}}],"collection":[{"href":"https:\/\/sertv.gob.pa\/nacionalfm\/wp-json\/wp\/v2\/posts"}],"about":[{"href":"https:\/\/sertv.gob.pa\/nacionalfm\/wp-json\/wp\/v2\/types\/post"}],"author":[{"embeddable":true,"href":"https:\/\/sertv.gob.pa\/nacionalfm\/wp-json\/wp\/v2\/users\/1"}],"replies":[{"embeddable":true,"href":"https:\/\/sertv.gob.pa\/nacionalfm\/wp-json\/wp\/v2\/comments?post=15163"}],"version-history":[{"count":0,"href":"https:\/\/sertv.gob.pa\/nacionalfm\/wp-json\/wp\/v2\/posts\/15163\/revisions"}],"wp:featuredmedia":[{"embeddable":true,"href":"https:\/\/sertv.gob.pa\/nacionalfm\/wp-json\/wp\/v2\/media\/15164"}],"wp:attachment":[{"href":"https:\/\/sertv.gob.pa\/nacionalfm\/wp-json\/wp\/v2\/media?parent=15163"}],"wp:term":[{"taxonomy":"category","embeddable":true,"href":"https:\/\/sertv.gob.pa\/nacionalfm\/wp-json\/wp\/v2\/categories?post=15163"},{"taxonomy":"post_tag","embeddable":true,"href":"https:\/\/sertv.gob.pa\/nacionalfm\/wp-json\/wp\/v2\/tags?post=15163"}],"curies":[{"name":"wp","href":"https:\/\/api.w.org\/{rel}","templated":true}]}}