{"id":15171,"date":"2016-08-30T15:08:24","date_gmt":"2016-08-30T15:08:24","guid":{"rendered":""},"modified":"2016-08-30T15:08:24","modified_gmt":"2016-08-30T15:08:24","slug":"el-nica-concepcion-y-el-campeon-kohei-kono-cumplen-con-peso","status":"publish","type":"post","link":"https:\/\/sertv.gob.pa\/nacionalfm\/el-nica-concepcion-y-el-campeon-kohei-kono-cumplen-con-peso\/","title":{"rendered":"\u201cEl Nica\u201d Concepci\u00f3n y el campe\u00f3n Kohei Kono cumplen con peso"},"content":{"rendered":"<p>\nEl Campe\u00f3n Mundial Mosca de la Aasociaci\u00f3n Mundial de Boxeo, el japon\u00e9s Koheti Kono y su retador el campe\u00f3n Interino de la divisi\u00f3n, el paname\u00f1o Luis &ldquo;El Nica&rdquo; Concepci\u00f3n cumplieron con el peso estipulado, el campe\u00f3n Kono marc\u00f3 las 115 libras exactas y el paname\u00f1o Concepci\u00f3n 114.75, para la disputa absoluta de este t\u00edtulo ma\u00f1ana 31 de agosto. <\/p>\n<p> Para Kono, \u00e9sta ser\u00e1 su cuarta defensa del t\u00edtulo supermosca de la AMB que conquist\u00f3 en marzo de 2014 en el Korakuen Hall de Tokio, en donde logr\u00f3 noquear en el octavo round al tailand\u00e9s Sutep Wangmuk, alias Denkaosan Kaovichit, volteando todos los pron\u00f3sticos.  <\/p>\n<p> En diciembre de 2014, Kono sostuvo una pelea con el dominicano Norberto \u00abMene\u00edto\u00bb Jim\u00e9nez, con quien empat\u00f3 \u00a0en 12 rounds para salir exitoso en la primera defensa titular. En octubre del 2015, en Chicago, Estados Unidos, super\u00f3 a Koki Kameda, completando sus defensas en abril pasado con una victoria por decisi\u00f3n un\u00e1nime sobre el tambi\u00e9n tailand\u00e9s Tanawat Phonnaku.  <\/p>\n<p> Kono se encuentra en su segundo reinado como el soberano supermosca de la AMB, manteni\u00e9ndose invicto en cinco peleas desde que fue derrotado por decisi\u00f3n mayoritaria por el venezolano Liborio Sol\u00eds en el 2013, en Tokio, precisamente en Ota City General Gymnasium, fracasando en la primera defensa del t\u00edtulo supermosca de la AMB que conquist\u00f3 en 2012 al acabar mediante un KO con el tailand\u00e9s Tepparith Kokietgym. Con este accionar, Kono ha mejorado su palmar\u00e9s a 32-8-1, con 13 nocauts.  <\/p>\n<p> Por su parte, \u00abEl Nica\u00bb Concepci\u00f3n conquist\u00f3 el t\u00edtulo interino en septiembre del 2015, cuando super\u00f3 al mexicano David \u00abTornado\u00bb S\u00e1nchez en Hermosillo, Sonora, M\u00e9xico. Hizo una primera defensa ante el tambi\u00e9n azteca Hern\u00e1n \u00abTyson\u00bb M\u00e1rquez, y ahora se alista para enfrentar a Kono en un gran prueba. Concepci\u00f3n tambi\u00e9n ha sido campe\u00f3n mosca de la AMB, y su record es de 34-4, con 24  <\/p>\n<p>\u00a0 <\/p>\n","protected":false},"excerpt":{"rendered":"<p>El Campe\u00f3n Mundial Mosca de la Aasociaci\u00f3n Mundial de Boxeo, <a href=\"https:\/\/sertv.gob.pa\/nacionalfm\/el-nica-concepcion-y-el-campeon-kohei-kono-cumplen-con-peso\/\"> [&#8230;]<\/a><\/p>\n","protected":false},"author":1,"featured_media":15172,"comment_status":"closed","ping_status":"closed","sticky":false,"template":"","format":"standard","meta":{"footnotes":""},"categories":[4],"tags":[],"class_list":["post-15171","post","type-post","status-publish","format-standard","has-post-thumbnail","hentry","category-deportes"],"_links":{"self":[{"href":"https:\/\/sertv.gob.pa\/nacionalfm\/wp-json\/wp\/v2\/posts\/15171","targetHints":{"allow":["GET"]}}],"collection":[{"href":"https:\/\/sertv.gob.pa\/nacionalfm\/wp-json\/wp\/v2\/posts"}],"about":[{"href":"https:\/\/sertv.gob.pa\/nacionalfm\/wp-json\/wp\/v2\/types\/post"}],"author":[{"embeddable":true,"href":"https:\/\/sertv.gob.pa\/nacionalfm\/wp-json\/wp\/v2\/users\/1"}],"replies":[{"embeddable":true,"href":"https:\/\/sertv.gob.pa\/nacionalfm\/wp-json\/wp\/v2\/comments?post=15171"}],"version-history":[{"count":0,"href":"https:\/\/sertv.gob.pa\/nacionalfm\/wp-json\/wp\/v2\/posts\/15171\/revisions"}],"wp:featuredmedia":[{"embeddable":true,"href":"https:\/\/sertv.gob.pa\/nacionalfm\/wp-json\/wp\/v2\/media\/15172"}],"wp:attachment":[{"href":"https:\/\/sertv.gob.pa\/nacionalfm\/wp-json\/wp\/v2\/media?parent=15171"}],"wp:term":[{"taxonomy":"category","embeddable":true,"href":"https:\/\/sertv.gob.pa\/nacionalfm\/wp-json\/wp\/v2\/categories?post=15171"},{"taxonomy":"post_tag","embeddable":true,"href":"https:\/\/sertv.gob.pa\/nacionalfm\/wp-json\/wp\/v2\/tags?post=15171"}],"curies":[{"name":"wp","href":"https:\/\/api.w.org\/{rel}","templated":true}]}}