{"id":1518,"date":"2014-09-11T05:00:00","date_gmt":"2014-09-11T05:00:00","guid":{"rendered":""},"modified":"2014-09-11T05:00:00","modified_gmt":"2014-09-11T05:00:00","slug":"corea-del-sur-lanza-drastico-plan-contra-el-tabaquismo","status":"publish","type":"post","link":"https:\/\/sertv.gob.pa\/nacionalfm\/corea-del-sur-lanza-drastico-plan-contra-el-tabaquismo\/","title":{"rendered":"Corea del Sur lanza dr\u00e1stico plan contra el tabaquismo"},"content":{"rendered":"<p>\nCorea del Sur planea luchar contra su problema de tabaquismo doblando el precio de los cigarrillos. <\/p>\n<p>En un pa\u00eds donde casi uno de cada dos hombres fuma, el ministro de Salud, Moon Hyung-pyo, se refiri\u00f3 al tabaco como la mayor amenaza contra la salud de la naci\u00f3n. <\/p>\n<p>El gobierno planea subir el impuesto a los cigarrillos, lo que doblar\u00eda su precio en casi dos d\u00f3lares por paquete, as\u00ed como prohibir la publicidad de tabaco. <\/p>\n<p>La oposici\u00f3n ha criticado la medida alegando que los m\u00e1s pobres sufrir\u00e1n m\u00e1s por la subida impositiva.\u00a0 acionalFm <\/p>\n<p>\u00a0 <\/p>\n","protected":false},"excerpt":{"rendered":"<p>Corea del Sur planea luchar contra su problema de tabaquismo <a href=\"https:\/\/sertv.gob.pa\/nacionalfm\/corea-del-sur-lanza-drastico-plan-contra-el-tabaquismo\/\"> [&#8230;]<\/a><\/p>\n","protected":false},"author":1,"featured_media":1519,"comment_status":"closed","ping_status":"closed","sticky":false,"template":"","format":"standard","meta":{"footnotes":""},"categories":[5],"tags":[],"class_list":["post-1518","post","type-post","status-publish","format-standard","has-post-thumbnail","hentry","category-salud"],"_links":{"self":[{"href":"https:\/\/sertv.gob.pa\/nacionalfm\/wp-json\/wp\/v2\/posts\/1518","targetHints":{"allow":["GET"]}}],"collection":[{"href":"https:\/\/sertv.gob.pa\/nacionalfm\/wp-json\/wp\/v2\/posts"}],"about":[{"href":"https:\/\/sertv.gob.pa\/nacionalfm\/wp-json\/wp\/v2\/types\/post"}],"author":[{"embeddable":true,"href":"https:\/\/sertv.gob.pa\/nacionalfm\/wp-json\/wp\/v2\/users\/1"}],"replies":[{"embeddable":true,"href":"https:\/\/sertv.gob.pa\/nacionalfm\/wp-json\/wp\/v2\/comments?post=1518"}],"version-history":[{"count":0,"href":"https:\/\/sertv.gob.pa\/nacionalfm\/wp-json\/wp\/v2\/posts\/1518\/revisions"}],"wp:featuredmedia":[{"embeddable":true,"href":"https:\/\/sertv.gob.pa\/nacionalfm\/wp-json\/wp\/v2\/media\/1519"}],"wp:attachment":[{"href":"https:\/\/sertv.gob.pa\/nacionalfm\/wp-json\/wp\/v2\/media?parent=1518"}],"wp:term":[{"taxonomy":"category","embeddable":true,"href":"https:\/\/sertv.gob.pa\/nacionalfm\/wp-json\/wp\/v2\/categories?post=1518"},{"taxonomy":"post_tag","embeddable":true,"href":"https:\/\/sertv.gob.pa\/nacionalfm\/wp-json\/wp\/v2\/tags?post=1518"}],"curies":[{"name":"wp","href":"https:\/\/api.w.org\/{rel}","templated":true}]}}