{"id":15191,"date":"2016-08-30T18:35:05","date_gmt":"2016-08-30T18:35:05","guid":{"rendered":""},"modified":"2016-08-30T18:35:05","modified_gmt":"2016-08-30T18:35:05","slug":"test-epigenetico-identifica-87-de-los-canceres","status":"publish","type":"post","link":"https:\/\/sertv.gob.pa\/nacionalfm\/test-epigenetico-identifica-87-de-los-canceres\/","title":{"rendered":"Test epigen\u00e9tico identifica 87% de los c\u00e1nceres"},"content":{"rendered":"<p>\nUn estudio multic\u00e9ntrico de investigaci\u00f3n cl\u00ednica, liderado por el doctor catal\u00e1n Manel Esteller, ha creado un test epigen\u00e9tico de aplicaci\u00f3n inmediata que identifica el 87% de los c\u00e1nceres de origen desconocido, lo que permite prescribir tratamientos espec\u00edficos y aumentar la supervivencia del paciente. <\/p>\n<p>Este avance cient\u00edfico, que publica la revista Lancet Oncology, ha permitido desarrollar y validar el primer test de diagn\u00f3stico epigen\u00e9tico para pacientes con c\u00e1ncer de origen desconocido (COD) -un c\u00e1ncer agresivo que genera met\u00e1stasis antes de que el tumor primario se evidencie-, lo que supone un paso clave para que su tratamiento pueda ser espec\u00edfico y no a ciegas. <\/p>\n<p>El nuevo sistema diagn\u00f3stico desarrollado por el equipo de Esteller, director del Programa de Epigen\u00e9tica y Biolog\u00eda del C\u00e1ncer del Instituto de Investigaci\u00f3n Biom\u00e9dica de Bellvitge (IDIBELL), se denomina EPICUP y ser\u00e1 comercializado en todo el mundo por la farmac\u00e9utica Ferrer. <\/p>\n<p>A partir de muestras del paciente, este test puede determinar en un plazo de entre cinco y diez d\u00edas el origen del tumor. <\/p>\n<p>Durante cinco a\u00f1os, el equipo multic\u00e9ntrico liderado por Esteller ha estudiado marcadores de metilaci\u00f3n del ADN (el proceso qu\u00edmico que altera la actividad del gen) de 38 tipos de tumor y sus correspondientes met\u00e1stasis con un banco de 10.500 muestras, obtenidas en colaboraci\u00f3n con hospitales de todo el mundo. <\/p>\n<p>El test EPICUP se ha demostrado ahora como una potente herramienta que permite identificar el tumor primario -colon, mama, p\u00e1ncreas, etc..- en pacientes con c\u00e1ncer de origen desconocido y, en consecuencia, permite acelerar el proceso diagn\u00f3stico y abre la puerta a escoger un medicamento espec\u00edfico dirigido a este tipo de tumor. <\/p>\n<p>\u00a0\u00abAcelerar el diagn\u00f3stico e identificar el tumor primario es la mejor estrategia para determinar una opci\u00f3n terap\u00e9utica espec\u00edfica y eficiente\u00bb, ha insistido Esteller. <\/p>\n<p>\u00a0 <\/p>\n<p>\u00a0 <\/p>\n","protected":false},"excerpt":{"rendered":"<p>Un estudio multic\u00e9ntrico de investigaci\u00f3n cl\u00ednica, liderado por el doctor <a href=\"https:\/\/sertv.gob.pa\/nacionalfm\/test-epigenetico-identifica-87-de-los-canceres\/\"> [&#8230;]<\/a><\/p>\n","protected":false},"author":1,"featured_media":15192,"comment_status":"closed","ping_status":"closed","sticky":false,"template":"","format":"standard","meta":{"footnotes":""},"categories":[5],"tags":[],"class_list":["post-15191","post","type-post","status-publish","format-standard","has-post-thumbnail","hentry","category-salud"],"_links":{"self":[{"href":"https:\/\/sertv.gob.pa\/nacionalfm\/wp-json\/wp\/v2\/posts\/15191","targetHints":{"allow":["GET"]}}],"collection":[{"href":"https:\/\/sertv.gob.pa\/nacionalfm\/wp-json\/wp\/v2\/posts"}],"about":[{"href":"https:\/\/sertv.gob.pa\/nacionalfm\/wp-json\/wp\/v2\/types\/post"}],"author":[{"embeddable":true,"href":"https:\/\/sertv.gob.pa\/nacionalfm\/wp-json\/wp\/v2\/users\/1"}],"replies":[{"embeddable":true,"href":"https:\/\/sertv.gob.pa\/nacionalfm\/wp-json\/wp\/v2\/comments?post=15191"}],"version-history":[{"count":0,"href":"https:\/\/sertv.gob.pa\/nacionalfm\/wp-json\/wp\/v2\/posts\/15191\/revisions"}],"wp:featuredmedia":[{"embeddable":true,"href":"https:\/\/sertv.gob.pa\/nacionalfm\/wp-json\/wp\/v2\/media\/15192"}],"wp:attachment":[{"href":"https:\/\/sertv.gob.pa\/nacionalfm\/wp-json\/wp\/v2\/media?parent=15191"}],"wp:term":[{"taxonomy":"category","embeddable":true,"href":"https:\/\/sertv.gob.pa\/nacionalfm\/wp-json\/wp\/v2\/categories?post=15191"},{"taxonomy":"post_tag","embeddable":true,"href":"https:\/\/sertv.gob.pa\/nacionalfm\/wp-json\/wp\/v2\/tags?post=15191"}],"curies":[{"name":"wp","href":"https:\/\/api.w.org\/{rel}","templated":true}]}}