{"id":15199,"date":"2016-08-30T20:43:38","date_gmt":"2016-08-30T20:43:38","guid":{"rendered":""},"modified":"2016-08-30T20:43:38","modified_gmt":"2016-08-30T20:43:38","slug":"adelantadas-negociaciones-para-pelea-huertas-arboleda","status":"publish","type":"post","link":"https:\/\/sertv.gob.pa\/nacionalfm\/adelantadas-negociaciones-para-pelea-huertas-arboleda\/","title":{"rendered":"Adelantadas negociaciones para pelea Huertas-Arboleda"},"content":{"rendered":"<p>\nEl promotor Rogelio Espinho dio a conocer al programa Box\u00edstico Entre Cuerdas que dirige Marcos &ldquo;Ponchas&rdquo; Mendoza a trav\u00e9s de Radio Metr\u00f3polis, que se encuentran adelantadas las negociaciones para el esperado encuentro box\u00edstico entre el noveno superpluma y campe\u00f3n FEDELATIN de la Asociaci\u00f3n Mundial de Boxeo Juan \u00abEl Ol\u00edmpico\u00bb Huertas \u00a0y el d\u00e9cimo segundo aspirante Jaime Arboleda. <\/p>\n<p>Juan Huertas estar\u00e1 arriesgando el t\u00edtulo FEDELATIN que posee, y seg\u00fan agreg\u00f3 Rogelio Espinho el encuentro tiene fecha separada para el 13 de octubre y que en el momento que se materialice convocar\u00e1 a una rueda de prensa para oficializar el encuentro, que se puede llevar a cabo en el Centro de Convenciones Vasco N\u00fa\u00f1ez de Balboa, del Hotel Panam\u00e1. <\/p>\n","protected":false},"excerpt":{"rendered":"<p>El promotor Rogelio Espinho dio a conocer al programa Box\u00edstico <a href=\"https:\/\/sertv.gob.pa\/nacionalfm\/adelantadas-negociaciones-para-pelea-huertas-arboleda\/\"> [&#8230;]<\/a><\/p>\n","protected":false},"author":1,"featured_media":15200,"comment_status":"closed","ping_status":"closed","sticky":false,"template":"","format":"standard","meta":{"footnotes":""},"categories":[4],"tags":[],"class_list":["post-15199","post","type-post","status-publish","format-standard","has-post-thumbnail","hentry","category-deportes"],"_links":{"self":[{"href":"https:\/\/sertv.gob.pa\/nacionalfm\/wp-json\/wp\/v2\/posts\/15199","targetHints":{"allow":["GET"]}}],"collection":[{"href":"https:\/\/sertv.gob.pa\/nacionalfm\/wp-json\/wp\/v2\/posts"}],"about":[{"href":"https:\/\/sertv.gob.pa\/nacionalfm\/wp-json\/wp\/v2\/types\/post"}],"author":[{"embeddable":true,"href":"https:\/\/sertv.gob.pa\/nacionalfm\/wp-json\/wp\/v2\/users\/1"}],"replies":[{"embeddable":true,"href":"https:\/\/sertv.gob.pa\/nacionalfm\/wp-json\/wp\/v2\/comments?post=15199"}],"version-history":[{"count":0,"href":"https:\/\/sertv.gob.pa\/nacionalfm\/wp-json\/wp\/v2\/posts\/15199\/revisions"}],"wp:featuredmedia":[{"embeddable":true,"href":"https:\/\/sertv.gob.pa\/nacionalfm\/wp-json\/wp\/v2\/media\/15200"}],"wp:attachment":[{"href":"https:\/\/sertv.gob.pa\/nacionalfm\/wp-json\/wp\/v2\/media?parent=15199"}],"wp:term":[{"taxonomy":"category","embeddable":true,"href":"https:\/\/sertv.gob.pa\/nacionalfm\/wp-json\/wp\/v2\/categories?post=15199"},{"taxonomy":"post_tag","embeddable":true,"href":"https:\/\/sertv.gob.pa\/nacionalfm\/wp-json\/wp\/v2\/tags?post=15199"}],"curies":[{"name":"wp","href":"https:\/\/api.w.org\/{rel}","templated":true}]}}