{"id":15203,"date":"2016-08-30T21:29:37","date_gmt":"2016-08-30T21:29:37","guid":{"rendered":""},"modified":"2016-08-30T21:29:37","modified_gmt":"2016-08-30T21:29:37","slug":"invisible-corrales-podria-viajar-a-estados-unidos","status":"publish","type":"post","link":"https:\/\/sertv.gob.pa\/nacionalfm\/invisible-corrales-podria-viajar-a-estados-unidos\/","title":{"rendered":"\u201cInvisible\u201d Corrales podr\u00eda viajar a Estados Unidos"},"content":{"rendered":"<p>\nEl supercampe\u00f3n de los pesos superplumas de la Asociaci\u00f3n Mundial de Boxeo el paname\u00f1o Jezrrel &ldquo;El Invisible&rdquo; Corrales podr\u00eda estar realizando una serie de combates en los Estados Unidos si concluyen exitosamente negociaciones que sostiene su promotor Rogelio Espinho con empresa norteamericana. <\/p>\n<p>De concretarse las negociaciones se barajan nombres como los mexicanos Miguel Rom\u00e1n s\u00e9ptimo clasificado y Carlos Morales en la casilla n\u00famero 15, de igual manera no se descarta al campe\u00f3n superpluma de la Organizaci\u00f3n Mundial de Boxeo, Visil Lomachenko. <\/p>\n<p>De momento el campe\u00f3n regular de la AMB Jason Sossa tiene permiso del organismo para realizar una defensa opcional ante el invicto norteamericano Germonta Davis, el pr\u00f3ximo 22 de octubre. <\/p>\n","protected":false},"excerpt":{"rendered":"<p>El supercampe\u00f3n de los pesos superplumas de la Asociaci\u00f3n Mundial <a href=\"https:\/\/sertv.gob.pa\/nacionalfm\/invisible-corrales-podria-viajar-a-estados-unidos\/\"> [&#8230;]<\/a><\/p>\n","protected":false},"author":1,"featured_media":15204,"comment_status":"closed","ping_status":"closed","sticky":false,"template":"","format":"standard","meta":{"footnotes":""},"categories":[4],"tags":[],"class_list":["post-15203","post","type-post","status-publish","format-standard","has-post-thumbnail","hentry","category-deportes"],"_links":{"self":[{"href":"https:\/\/sertv.gob.pa\/nacionalfm\/wp-json\/wp\/v2\/posts\/15203","targetHints":{"allow":["GET"]}}],"collection":[{"href":"https:\/\/sertv.gob.pa\/nacionalfm\/wp-json\/wp\/v2\/posts"}],"about":[{"href":"https:\/\/sertv.gob.pa\/nacionalfm\/wp-json\/wp\/v2\/types\/post"}],"author":[{"embeddable":true,"href":"https:\/\/sertv.gob.pa\/nacionalfm\/wp-json\/wp\/v2\/users\/1"}],"replies":[{"embeddable":true,"href":"https:\/\/sertv.gob.pa\/nacionalfm\/wp-json\/wp\/v2\/comments?post=15203"}],"version-history":[{"count":0,"href":"https:\/\/sertv.gob.pa\/nacionalfm\/wp-json\/wp\/v2\/posts\/15203\/revisions"}],"wp:featuredmedia":[{"embeddable":true,"href":"https:\/\/sertv.gob.pa\/nacionalfm\/wp-json\/wp\/v2\/media\/15204"}],"wp:attachment":[{"href":"https:\/\/sertv.gob.pa\/nacionalfm\/wp-json\/wp\/v2\/media?parent=15203"}],"wp:term":[{"taxonomy":"category","embeddable":true,"href":"https:\/\/sertv.gob.pa\/nacionalfm\/wp-json\/wp\/v2\/categories?post=15203"},{"taxonomy":"post_tag","embeddable":true,"href":"https:\/\/sertv.gob.pa\/nacionalfm\/wp-json\/wp\/v2\/tags?post=15203"}],"curies":[{"name":"wp","href":"https:\/\/api.w.org\/{rel}","templated":true}]}}