{"id":15207,"date":"2016-08-31T13:51:04","date_gmt":"2016-08-31T13:51:04","guid":{"rendered":""},"modified":"2016-08-31T13:51:04","modified_gmt":"2016-08-31T13:51:04","slug":"luis-el-nica-concepcion-campeon-en-propiedad","status":"publish","type":"post","link":"https:\/\/sertv.gob.pa\/nacionalfm\/luis-el-nica-concepcion-campeon-en-propiedad\/","title":{"rendered":"Luis \u201cEl Nica\u201d Concepci\u00f3n campe\u00f3n en propiedad"},"content":{"rendered":"<p>\n  El paname\u00f1o Luis &ldquo;El Nica&rdquo; Concepci\u00f3n se coron\u00f3 en campe\u00f3n absoluto de las 115 de la Asociaci\u00f3n Mundial de Boxeo al vencer por decisi\u00f3n un\u00e1nime al japon\u00e9s Kohei Kono, en el Ota City Gereral Gym de Tokio.   <\/p>\n<p>  \u00a0   La juez boricua Melva Santos vio la pelea 115-113, los jueces Stanley Christodoulou y el belga Phillippe Verbeco dieron una puntuaci\u00f3n similar de 116-112.\u00a0 El \u00e1rbitro fue el puertorrique\u00f1o Luis Pav\u00f3n.  <\/p>\n<p> En el combate no se registraron ca\u00eddas, el paname\u00f1o recibi\u00f3 una cortadura arriba del ojo izquierdo en el d\u00e9cimo asalto, producto de un cabezazo no intencional.  <\/p>\n<p>\u00a0 <\/p>\n<p>  \u00a0   <\/p>\n","protected":false},"excerpt":{"rendered":"<p>El paname\u00f1o Luis &ldquo;El Nica&rdquo; Concepci\u00f3n se coron\u00f3 en campe\u00f3n <a href=\"https:\/\/sertv.gob.pa\/nacionalfm\/luis-el-nica-concepcion-campeon-en-propiedad\/\"> [&#8230;]<\/a><\/p>\n","protected":false},"author":1,"featured_media":15208,"comment_status":"closed","ping_status":"closed","sticky":false,"template":"","format":"standard","meta":{"footnotes":""},"categories":[4],"tags":[],"class_list":["post-15207","post","type-post","status-publish","format-standard","has-post-thumbnail","hentry","category-deportes"],"_links":{"self":[{"href":"https:\/\/sertv.gob.pa\/nacionalfm\/wp-json\/wp\/v2\/posts\/15207","targetHints":{"allow":["GET"]}}],"collection":[{"href":"https:\/\/sertv.gob.pa\/nacionalfm\/wp-json\/wp\/v2\/posts"}],"about":[{"href":"https:\/\/sertv.gob.pa\/nacionalfm\/wp-json\/wp\/v2\/types\/post"}],"author":[{"embeddable":true,"href":"https:\/\/sertv.gob.pa\/nacionalfm\/wp-json\/wp\/v2\/users\/1"}],"replies":[{"embeddable":true,"href":"https:\/\/sertv.gob.pa\/nacionalfm\/wp-json\/wp\/v2\/comments?post=15207"}],"version-history":[{"count":0,"href":"https:\/\/sertv.gob.pa\/nacionalfm\/wp-json\/wp\/v2\/posts\/15207\/revisions"}],"wp:featuredmedia":[{"embeddable":true,"href":"https:\/\/sertv.gob.pa\/nacionalfm\/wp-json\/wp\/v2\/media\/15208"}],"wp:attachment":[{"href":"https:\/\/sertv.gob.pa\/nacionalfm\/wp-json\/wp\/v2\/media?parent=15207"}],"wp:term":[{"taxonomy":"category","embeddable":true,"href":"https:\/\/sertv.gob.pa\/nacionalfm\/wp-json\/wp\/v2\/categories?post=15207"},{"taxonomy":"post_tag","embeddable":true,"href":"https:\/\/sertv.gob.pa\/nacionalfm\/wp-json\/wp\/v2\/tags?post=15207"}],"curies":[{"name":"wp","href":"https:\/\/api.w.org\/{rel}","templated":true}]}}