{"id":15209,"date":"2016-08-31T14:15:05","date_gmt":"2016-08-31T14:15:05","guid":{"rendered":""},"modified":"2016-08-31T14:15:05","modified_gmt":"2016-08-31T14:15:05","slug":"presidente-varela-recibe-a-peloteritos","status":"publish","type":"post","link":"https:\/\/sertv.gob.pa\/nacionalfm\/presidente-varela-recibe-a-peloteritos\/","title":{"rendered":"Presidente Varela recibe a peloteritos"},"content":{"rendered":"<p>\nEl presidente de la Rep\u00fablica Juan Carlos Varela recibi\u00f3 en el Sal\u00f3n Paz de la Presidencia de la Rep\u00fablica al equipo de Aguadulce, Cocl\u00e9, que logr\u00f3 el tercer lugar en la Serie Mundial de Peque\u00f1as Ligas de B\u00e9isbol que se disput\u00f3 en Williamsport, Estados Unidos. <\/p>\n<p> Los peloteritos de la novena paname\u00f1a,\u00a0 que por tercera vez participan en este certamen mundial de b\u00e9isbol en representaci\u00f3n de\u00a0 la regi\u00f3n de Latinoam\u00e9rica, compartieron junto a sus padres, entrenadores con los ministros de la Presidencia, \u00c1lvaro Alem\u00e1n y de Salud, Miguel Mayo, respectivamente.  <\/p>\n<p> En medio del acto, el mandatario Juan Carlos Varela salud\u00f3 a los deportistas por el triunfo obtenido, su dedicaci\u00f3n y esfuerzo,\u00a0 y los inst\u00f3 a seguir siendo modelos en el deporte para la juventud.  <\/p>\n<p> Panam\u00e1 obtuvo el tercer puesto tras vencer 3 carreras a 2 a su similar de Goodlettsville Baseball Little League, Tennessee.  <\/p>\n<p>Por su parte, el ministro Alem\u00e1n felicit\u00f3 a los peloteros, a los padres de familia, t\u00e9cnicos y entreg\u00f3 a cada a uno de los\u00a0 14 peloteros una computadora port\u00e1til para que la utilicen en sus estudios.\u00a0 <\/p>\n<p> Alem\u00e1n adelant\u00f3 que el Gobierno de la Rep\u00fablica de Panam\u00e1 prev\u00e9 la construcci\u00f3n de un estadio de b\u00e9isbol para peque\u00f1as ligas en Aguadulce.  <\/p>\n<p> Posteriormente los peloteritos fueron recibidos con una caravana desde la entrada de la provincia de Cocl\u00e9 hasta la casa de la Municipalidad de Aguadulce.  <\/p>\n","protected":false},"excerpt":{"rendered":"<p>El presidente de la Rep\u00fablica Juan Carlos Varela recibi\u00f3 en <a href=\"https:\/\/sertv.gob.pa\/nacionalfm\/presidente-varela-recibe-a-peloteritos\/\"> [&#8230;]<\/a><\/p>\n","protected":false},"author":1,"featured_media":15210,"comment_status":"closed","ping_status":"closed","sticky":false,"template":"","format":"standard","meta":{"footnotes":""},"categories":[4],"tags":[],"class_list":["post-15209","post","type-post","status-publish","format-standard","has-post-thumbnail","hentry","category-deportes"],"_links":{"self":[{"href":"https:\/\/sertv.gob.pa\/nacionalfm\/wp-json\/wp\/v2\/posts\/15209","targetHints":{"allow":["GET"]}}],"collection":[{"href":"https:\/\/sertv.gob.pa\/nacionalfm\/wp-json\/wp\/v2\/posts"}],"about":[{"href":"https:\/\/sertv.gob.pa\/nacionalfm\/wp-json\/wp\/v2\/types\/post"}],"author":[{"embeddable":true,"href":"https:\/\/sertv.gob.pa\/nacionalfm\/wp-json\/wp\/v2\/users\/1"}],"replies":[{"embeddable":true,"href":"https:\/\/sertv.gob.pa\/nacionalfm\/wp-json\/wp\/v2\/comments?post=15209"}],"version-history":[{"count":0,"href":"https:\/\/sertv.gob.pa\/nacionalfm\/wp-json\/wp\/v2\/posts\/15209\/revisions"}],"wp:featuredmedia":[{"embeddable":true,"href":"https:\/\/sertv.gob.pa\/nacionalfm\/wp-json\/wp\/v2\/media\/15210"}],"wp:attachment":[{"href":"https:\/\/sertv.gob.pa\/nacionalfm\/wp-json\/wp\/v2\/media?parent=15209"}],"wp:term":[{"taxonomy":"category","embeddable":true,"href":"https:\/\/sertv.gob.pa\/nacionalfm\/wp-json\/wp\/v2\/categories?post=15209"},{"taxonomy":"post_tag","embeddable":true,"href":"https:\/\/sertv.gob.pa\/nacionalfm\/wp-json\/wp\/v2\/tags?post=15209"}],"curies":[{"name":"wp","href":"https:\/\/api.w.org\/{rel}","templated":true}]}}