{"id":15227,"date":"2016-08-31T18:37:39","date_gmt":"2016-08-31T18:37:39","guid":{"rendered":""},"modified":"2016-08-31T18:37:39","modified_gmt":"2016-08-31T18:37:39","slug":"brote-de-hepatitis-es-vinculado-con-licuados-de-fresa-en-virginia","status":"publish","type":"post","link":"https:\/\/sertv.gob.pa\/nacionalfm\/brote-de-hepatitis-es-vinculado-con-licuados-de-fresa-en-virginia\/","title":{"rendered":"Brote de hepatitis es vinculado con licuados de fresa en Virginia"},"content":{"rendered":"<p>\n Se han confirmado 40 casos de hepatitis A  vinculados con  fresas congeladas  usadas para hacer licuados en la cadena  Tropical Smoothie Cafe , incluidos 28 casos la semana pasada, informaron las autoridades de salud de Virginia. <\/p>\n<p>El Departamento de Salud estatal manifest\u00f3 en un comunicado de prensa que poco m\u00e1s de la mitad de los infectados se hallan hospitalizados. <\/p>\n<p>La cadena Tropical Smoothie tiene m\u00e1s de 500 locales en todo el pa\u00eds y Virginia no es el \u00fanico estado afectado. <\/p>\n<p>Las fresas, provenientes de Egipto, fueron retiradas de los 96 locales de la cadena en Virginia el 8 \u00f3 9 de agosto. <\/p>\n<p>Las autoridades expresan que podr\u00eda haber m\u00e1s casos, ya que algunos s\u00edntomas tardan hasta 50 d\u00edas en aparecer. El virus hepatitis A afecta el h\u00edgado. <\/p>\n<p>\u00a0 <\/p>\n","protected":false},"excerpt":{"rendered":"<p>Se han confirmado 40 casos de hepatitis A vinculados con <a href=\"https:\/\/sertv.gob.pa\/nacionalfm\/brote-de-hepatitis-es-vinculado-con-licuados-de-fresa-en-virginia\/\"> [&#8230;]<\/a><\/p>\n","protected":false},"author":1,"featured_media":15228,"comment_status":"closed","ping_status":"closed","sticky":false,"template":"","format":"standard","meta":{"footnotes":""},"categories":[5],"tags":[],"class_list":["post-15227","post","type-post","status-publish","format-standard","has-post-thumbnail","hentry","category-salud"],"_links":{"self":[{"href":"https:\/\/sertv.gob.pa\/nacionalfm\/wp-json\/wp\/v2\/posts\/15227","targetHints":{"allow":["GET"]}}],"collection":[{"href":"https:\/\/sertv.gob.pa\/nacionalfm\/wp-json\/wp\/v2\/posts"}],"about":[{"href":"https:\/\/sertv.gob.pa\/nacionalfm\/wp-json\/wp\/v2\/types\/post"}],"author":[{"embeddable":true,"href":"https:\/\/sertv.gob.pa\/nacionalfm\/wp-json\/wp\/v2\/users\/1"}],"replies":[{"embeddable":true,"href":"https:\/\/sertv.gob.pa\/nacionalfm\/wp-json\/wp\/v2\/comments?post=15227"}],"version-history":[{"count":0,"href":"https:\/\/sertv.gob.pa\/nacionalfm\/wp-json\/wp\/v2\/posts\/15227\/revisions"}],"wp:featuredmedia":[{"embeddable":true,"href":"https:\/\/sertv.gob.pa\/nacionalfm\/wp-json\/wp\/v2\/media\/15228"}],"wp:attachment":[{"href":"https:\/\/sertv.gob.pa\/nacionalfm\/wp-json\/wp\/v2\/media?parent=15227"}],"wp:term":[{"taxonomy":"category","embeddable":true,"href":"https:\/\/sertv.gob.pa\/nacionalfm\/wp-json\/wp\/v2\/categories?post=15227"},{"taxonomy":"post_tag","embeddable":true,"href":"https:\/\/sertv.gob.pa\/nacionalfm\/wp-json\/wp\/v2\/tags?post=15227"}],"curies":[{"name":"wp","href":"https:\/\/api.w.org\/{rel}","templated":true}]}}