{"id":15229,"date":"2016-08-31T18:43:11","date_gmt":"2016-08-31T18:43:11","guid":{"rendered":""},"modified":"2016-08-31T18:43:11","modified_gmt":"2016-08-31T18:43:11","slug":"embarazos-precoces-se-han-convertido-en-problema-de-salud-publica","status":"publish","type":"post","link":"https:\/\/sertv.gob.pa\/nacionalfm\/embarazos-precoces-se-han-convertido-en-problema-de-salud-publica\/","title":{"rendered":"Embarazos precoces se han convertido en problema de salud p\u00fablica"},"content":{"rendered":"<p>\nLos miembros de la  Asociaci\u00f3n Paname\u00f1a para el Planeamiento de la Familia (Aplafa) \u00a0reclamaron a las autoridades ejecutar medidas que permitan atender el problema de salud p\u00fablica\u00a0en el que se han convertido los embarazos precoces y las enfermedades de transmisi\u00f3n sexual. <\/p>\n<p>\u00abTodo lo que estamos pidiendo es que se haga algo\u00bb, expres\u00f3 Deika Nieto, integrante de la Junta directiva de  Aplafa , quien destac\u00f3 que desde el 2014 hasta julio de este a\u00f1o en esa instituci\u00f3n se han atendido m\u00e1s de 7 mil preadolecentes y adolescente en diferentes aspectos de las cuales 2 mil 349 son j\u00f3venes embarazadas de 15-19 a\u00f1os y otras 85 ni\u00f1as de entre 10-14 a\u00f1os. Adem\u00e1s durante este a\u00f1o el  Ministerio de Salud (Minsa)  report\u00f3 hasta el mes de julio 5 mil casos. <\/p>\n<p>Paul C\u00f3rdoba gerente de planificaci\u00f3n y evaluaci\u00f3n de  Aplafa,  detall\u00f3 que los embarazos traen consigo consecuencias en tres aspectos fundamentales como lo son la salud, ya que las menores de edad tiene mayor riego de fallecer durante el alumbramiento o durante la gesti\u00f3n; en el tema educativo ya que 6 de cada 10 j\u00f3venes embarazadas desertan del sistema escolar, y en el \u00e1mbito econ\u00f3mico porque dependen de otras personas para su subsistencia. <\/p>\n<p>\u00a0 <\/p>\n","protected":false},"excerpt":{"rendered":"<p>Los miembros de la Asociaci\u00f3n Paname\u00f1a para el Planeamiento de <a href=\"https:\/\/sertv.gob.pa\/nacionalfm\/embarazos-precoces-se-han-convertido-en-problema-de-salud-publica\/\"> [&#8230;]<\/a><\/p>\n","protected":false},"author":1,"featured_media":15230,"comment_status":"closed","ping_status":"closed","sticky":false,"template":"","format":"standard","meta":{"footnotes":""},"categories":[5],"tags":[],"class_list":["post-15229","post","type-post","status-publish","format-standard","has-post-thumbnail","hentry","category-salud"],"_links":{"self":[{"href":"https:\/\/sertv.gob.pa\/nacionalfm\/wp-json\/wp\/v2\/posts\/15229","targetHints":{"allow":["GET"]}}],"collection":[{"href":"https:\/\/sertv.gob.pa\/nacionalfm\/wp-json\/wp\/v2\/posts"}],"about":[{"href":"https:\/\/sertv.gob.pa\/nacionalfm\/wp-json\/wp\/v2\/types\/post"}],"author":[{"embeddable":true,"href":"https:\/\/sertv.gob.pa\/nacionalfm\/wp-json\/wp\/v2\/users\/1"}],"replies":[{"embeddable":true,"href":"https:\/\/sertv.gob.pa\/nacionalfm\/wp-json\/wp\/v2\/comments?post=15229"}],"version-history":[{"count":0,"href":"https:\/\/sertv.gob.pa\/nacionalfm\/wp-json\/wp\/v2\/posts\/15229\/revisions"}],"wp:featuredmedia":[{"embeddable":true,"href":"https:\/\/sertv.gob.pa\/nacionalfm\/wp-json\/wp\/v2\/media\/15230"}],"wp:attachment":[{"href":"https:\/\/sertv.gob.pa\/nacionalfm\/wp-json\/wp\/v2\/media?parent=15229"}],"wp:term":[{"taxonomy":"category","embeddable":true,"href":"https:\/\/sertv.gob.pa\/nacionalfm\/wp-json\/wp\/v2\/categories?post=15229"},{"taxonomy":"post_tag","embeddable":true,"href":"https:\/\/sertv.gob.pa\/nacionalfm\/wp-json\/wp\/v2\/tags?post=15229"}],"curies":[{"name":"wp","href":"https:\/\/api.w.org\/{rel}","templated":true}]}}