{"id":15249,"date":"2016-09-01T16:36:33","date_gmt":"2016-09-01T16:36:33","guid":{"rendered":""},"modified":"2016-09-01T16:36:33","modified_gmt":"2016-09-01T16:36:33","slug":"en-el-semen-puede-permanecer-virus-del-ebola-por-ano-y-medio","status":"publish","type":"post","link":"https:\/\/sertv.gob.pa\/nacionalfm\/en-el-semen-puede-permanecer-virus-del-ebola-por-ano-y-medio\/","title":{"rendered":"En el semen puede permanecer virus del \u00e9bola por a\u00f1o y medio"},"content":{"rendered":"<p>\nRastros de \u00e9bola pueden permanecer en el semen de pacientes que sobrevivieron la enfermedad hasta un a\u00f1o y medio luego de haberse enfermado, un periodo mayor de lo inicialmente previsto, seg\u00fan una investigaci\u00f3n divulgada. <\/p>\n<p>El reporte de los Centros de Control y Prevenci\u00f3n de Enfermedades (CDC) de Estados Unidos, publicado en la revista m\u00e9dica The Lancet, hall\u00f3 que el 9 % de los 429 hombres que sobrevivieron al \u00e9bola que fueron analizados ten\u00edan restos del virus en su semen, y el 63 % de ellos dieron positivo hasta un a\u00f1o despu\u00e9s de haberse recuperado de la enfermedad. <\/p>\n<p>En al menos un caso, los investigadores encontraron rastros del virus 565 d\u00edas luego de que el paciente se recuperara. <\/p>\n<p>La investigaci\u00f3n fue realizada en conjunto con expertos de la Organizaci\u00f3n Mundial de la Salud (OMS) y del Ministerio de Salud de Liberia, uno de los pa\u00edses de \u00c1frica Occidental en los que el brote del virus se cobr\u00f3 m\u00e1s vidas entre 2014 y 2015. <\/p>\n<p>\u00a0 <\/p>\n","protected":false},"excerpt":{"rendered":"<p>Rastros de \u00e9bola pueden permanecer en el semen de pacientes <a href=\"https:\/\/sertv.gob.pa\/nacionalfm\/en-el-semen-puede-permanecer-virus-del-ebola-por-ano-y-medio\/\"> [&#8230;]<\/a><\/p>\n","protected":false},"author":1,"featured_media":15250,"comment_status":"closed","ping_status":"closed","sticky":false,"template":"","format":"standard","meta":{"footnotes":""},"categories":[5],"tags":[],"class_list":["post-15249","post","type-post","status-publish","format-standard","has-post-thumbnail","hentry","category-salud"],"_links":{"self":[{"href":"https:\/\/sertv.gob.pa\/nacionalfm\/wp-json\/wp\/v2\/posts\/15249","targetHints":{"allow":["GET"]}}],"collection":[{"href":"https:\/\/sertv.gob.pa\/nacionalfm\/wp-json\/wp\/v2\/posts"}],"about":[{"href":"https:\/\/sertv.gob.pa\/nacionalfm\/wp-json\/wp\/v2\/types\/post"}],"author":[{"embeddable":true,"href":"https:\/\/sertv.gob.pa\/nacionalfm\/wp-json\/wp\/v2\/users\/1"}],"replies":[{"embeddable":true,"href":"https:\/\/sertv.gob.pa\/nacionalfm\/wp-json\/wp\/v2\/comments?post=15249"}],"version-history":[{"count":0,"href":"https:\/\/sertv.gob.pa\/nacionalfm\/wp-json\/wp\/v2\/posts\/15249\/revisions"}],"wp:featuredmedia":[{"embeddable":true,"href":"https:\/\/sertv.gob.pa\/nacionalfm\/wp-json\/wp\/v2\/media\/15250"}],"wp:attachment":[{"href":"https:\/\/sertv.gob.pa\/nacionalfm\/wp-json\/wp\/v2\/media?parent=15249"}],"wp:term":[{"taxonomy":"category","embeddable":true,"href":"https:\/\/sertv.gob.pa\/nacionalfm\/wp-json\/wp\/v2\/categories?post=15249"},{"taxonomy":"post_tag","embeddable":true,"href":"https:\/\/sertv.gob.pa\/nacionalfm\/wp-json\/wp\/v2\/tags?post=15249"}],"curies":[{"name":"wp","href":"https:\/\/api.w.org\/{rel}","templated":true}]}}