{"id":15255,"date":"2016-09-01T18:57:51","date_gmt":"2016-09-01T18:57:51","guid":{"rendered":""},"modified":"2016-09-01T18:57:51","modified_gmt":"2016-09-01T18:57:51","slug":"lanzan-campana-potencia-tu-vida-ama-tu-corazon","status":"publish","type":"post","link":"https:\/\/sertv.gob.pa\/nacionalfm\/lanzan-campana-potencia-tu-vida-ama-tu-corazon\/","title":{"rendered":"Lanzan campa\u00f1a \u201cPotencia tu vida, ama tu coraz\u00f3n\u201d"},"content":{"rendered":"<p>\nCon el lema \u00abPotencia tu vida, Ama tu Coraz\u00f3n\u00bb, la Red Primaria de Salud de la Caja de Seguro Social (CSS) empez\u00f3 la campa\u00f1a a nivel nacional en el mes del coraz\u00f3n. <\/p>\n<p>Las enfermedades del coraz\u00f3n son las principales causas de muerte en el mundo. Debido a esto, en Panam\u00e1 desde el a\u00f1o 2015, se ha instruido a todas las instituciones a desarrollar campa\u00f1as de prevenci\u00f3n acerca de la importancia de conservar los corazones sanos. <\/p>\n<p>Las estad\u00edsticas del Censo Preventivo de Salud est\u00e1n se\u00f1alando que los problemas de obesidad, sobrepeso, diabetes, hipercolesterolemia y dislipidemia son factores de peligro en la incidencia de muerte, dijo el subdirector nacional de Atenci\u00f3n Primaria en Salud de la CSS, Fernando Casta\u00f1eda. <\/p>\n<p>Durante el mes de septiembre se llevar\u00e1n a cabo en todas las instalaciones, diversas actividades como ferias de salud con ofertas de servicios, toma de presi\u00f3n, vacunaci\u00f3n, charlas sobre estilos de vida saludable para prevenir enfermedades cardiovasculares. <\/p>\n<p>\u00a0 <\/p>\n","protected":false},"excerpt":{"rendered":"<p>Con el lema \u00abPotencia tu vida, Ama tu Coraz\u00f3n\u00bb, la <a href=\"https:\/\/sertv.gob.pa\/nacionalfm\/lanzan-campana-potencia-tu-vida-ama-tu-corazon\/\"> [&#8230;]<\/a><\/p>\n","protected":false},"author":1,"featured_media":15256,"comment_status":"closed","ping_status":"closed","sticky":false,"template":"","format":"standard","meta":{"footnotes":""},"categories":[5],"tags":[],"class_list":["post-15255","post","type-post","status-publish","format-standard","has-post-thumbnail","hentry","category-salud"],"_links":{"self":[{"href":"https:\/\/sertv.gob.pa\/nacionalfm\/wp-json\/wp\/v2\/posts\/15255","targetHints":{"allow":["GET"]}}],"collection":[{"href":"https:\/\/sertv.gob.pa\/nacionalfm\/wp-json\/wp\/v2\/posts"}],"about":[{"href":"https:\/\/sertv.gob.pa\/nacionalfm\/wp-json\/wp\/v2\/types\/post"}],"author":[{"embeddable":true,"href":"https:\/\/sertv.gob.pa\/nacionalfm\/wp-json\/wp\/v2\/users\/1"}],"replies":[{"embeddable":true,"href":"https:\/\/sertv.gob.pa\/nacionalfm\/wp-json\/wp\/v2\/comments?post=15255"}],"version-history":[{"count":0,"href":"https:\/\/sertv.gob.pa\/nacionalfm\/wp-json\/wp\/v2\/posts\/15255\/revisions"}],"wp:featuredmedia":[{"embeddable":true,"href":"https:\/\/sertv.gob.pa\/nacionalfm\/wp-json\/wp\/v2\/media\/15256"}],"wp:attachment":[{"href":"https:\/\/sertv.gob.pa\/nacionalfm\/wp-json\/wp\/v2\/media?parent=15255"}],"wp:term":[{"taxonomy":"category","embeddable":true,"href":"https:\/\/sertv.gob.pa\/nacionalfm\/wp-json\/wp\/v2\/categories?post=15255"},{"taxonomy":"post_tag","embeddable":true,"href":"https:\/\/sertv.gob.pa\/nacionalfm\/wp-json\/wp\/v2\/tags?post=15255"}],"curies":[{"name":"wp","href":"https:\/\/api.w.org\/{rel}","templated":true}]}}