{"id":15283,"date":"2016-09-02T18:57:47","date_gmt":"2016-09-02T18:57:47","guid":{"rendered":""},"modified":"2016-09-02T18:57:47","modified_gmt":"2016-09-02T18:57:47","slug":"oms-se-reune-para-evaluar-la-epidemia-de-zika","status":"publish","type":"post","link":"https:\/\/sertv.gob.pa\/nacionalfm\/oms-se-reune-para-evaluar-la-epidemia-de-zika\/","title":{"rendered":"OMS se re\u00fane para evaluar la epidemia de zika"},"content":{"rendered":"<p>\nEl Comit\u00e9 de Emergencia de la Organizaci\u00f3n Mundial de la Salud (OMS) se re\u00fane \u00a0para evaluar la epidemia del virus del Zika en el mundo y, eventualmente, modificar o ampliar las recomendaciones sobre c\u00f3mo luchar para detenerla.\u00a0 <\/p>\n<p>Esta ser\u00e1 la cuarta reuni\u00f3n del Comit\u00e9 de Emergencia sobre el zika, que se celebrar\u00e1 por teleconferencia, y cuyas conclusiones no se conocer\u00e1n hasta hoy, viernes.\u00a0 <\/p>\n<p>El pasado 1 de febrero, la OMS consider\u00f3 que el virus del Zika y los casos de malformaci\u00f3n neonatal que provocaba constitu\u00edan una emergencia sanitaria de alcance internacional.\u00a0 <\/p>\n<p>Posteriormente, la agencia sanitaria de Naciones Unidas decidi\u00f3 que el propio virus y su expansi\u00f3n constitu\u00eda por si solo dicha emergencia.\u00a0 <\/p>\n<p>Se ha podido comprobar que el virus no s\u00f3lo provoca malformaciones cong\u00e9nitas y des\u00f3rdenes neurol\u00f3gicos en fetos -especialmente microcefalia- sino igualmente en adultos, dado que se ha registrado un incremento repentino ligado a la infecci\u00f3n por zika de casos de S\u00edndrome de Guillian-Barr\u00e9 (SGB).\u00a0 <\/p>\n<p>El SGB es una respuesta inmunitaria del cuerpo que ocasiona par\u00e1lisis de los \u00f3rganos, incluidos los pulmones.\u00a0 <\/p>\n<p>El Comit\u00e9 evaluar\u00e1 si el virus todav\u00eda constituye una emergencia mundial, si las recomendaciones hechas hasta la fecha siguen estando vigentes, revisar\u00e1 la implementaci\u00f3n de las mismas y si hay que a\u00f1adir otras nuevas, entre otras cuestiones.\u00a0 <\/p>\n<p>\u00a0 <\/p>\n","protected":false},"excerpt":{"rendered":"<p>El Comit\u00e9 de Emergencia de la Organizaci\u00f3n Mundial de la <a href=\"https:\/\/sertv.gob.pa\/nacionalfm\/oms-se-reune-para-evaluar-la-epidemia-de-zika\/\"> [&#8230;]<\/a><\/p>\n","protected":false},"author":1,"featured_media":15284,"comment_status":"closed","ping_status":"closed","sticky":false,"template":"","format":"standard","meta":{"footnotes":""},"categories":[5],"tags":[],"class_list":["post-15283","post","type-post","status-publish","format-standard","has-post-thumbnail","hentry","category-salud"],"_links":{"self":[{"href":"https:\/\/sertv.gob.pa\/nacionalfm\/wp-json\/wp\/v2\/posts\/15283","targetHints":{"allow":["GET"]}}],"collection":[{"href":"https:\/\/sertv.gob.pa\/nacionalfm\/wp-json\/wp\/v2\/posts"}],"about":[{"href":"https:\/\/sertv.gob.pa\/nacionalfm\/wp-json\/wp\/v2\/types\/post"}],"author":[{"embeddable":true,"href":"https:\/\/sertv.gob.pa\/nacionalfm\/wp-json\/wp\/v2\/users\/1"}],"replies":[{"embeddable":true,"href":"https:\/\/sertv.gob.pa\/nacionalfm\/wp-json\/wp\/v2\/comments?post=15283"}],"version-history":[{"count":0,"href":"https:\/\/sertv.gob.pa\/nacionalfm\/wp-json\/wp\/v2\/posts\/15283\/revisions"}],"wp:featuredmedia":[{"embeddable":true,"href":"https:\/\/sertv.gob.pa\/nacionalfm\/wp-json\/wp\/v2\/media\/15284"}],"wp:attachment":[{"href":"https:\/\/sertv.gob.pa\/nacionalfm\/wp-json\/wp\/v2\/media?parent=15283"}],"wp:term":[{"taxonomy":"category","embeddable":true,"href":"https:\/\/sertv.gob.pa\/nacionalfm\/wp-json\/wp\/v2\/categories?post=15283"},{"taxonomy":"post_tag","embeddable":true,"href":"https:\/\/sertv.gob.pa\/nacionalfm\/wp-json\/wp\/v2\/tags?post=15283"}],"curies":[{"name":"wp","href":"https:\/\/api.w.org\/{rel}","templated":true}]}}