{"id":153,"date":"2014-07-08T05:00:00","date_gmt":"2014-07-08T05:00:00","guid":{"rendered":""},"modified":"2014-07-08T05:00:00","modified_gmt":"2014-07-08T05:00:00","slug":"solicitan-acelerar-proceso-de-construccion-del-nuevo-hn","status":"publish","type":"post","link":"https:\/\/sertv.gob.pa\/nacionalfm\/solicitan-acelerar-proceso-de-construccion-del-nuevo-hn\/","title":{"rendered":"Solicitan acelerar proceso de construcci\u00f3n del nuevo HN"},"content":{"rendered":"<p>\nPacientes y m\u00e9dicos que acuden diariamente al Hospital del Ni\u00f1o (HN) piden se acelere el proceso de construcci\u00f3n del nosocomio, que se halla paralizado por reclamos en la licitaci\u00f3n. <\/p>\n<p>El ministro de Salud, Francisco Javier Terrientes, reconoci\u00f3 que ese centro hospitalario requiere de nuevas estructuras porque las actuales est\u00e1n &ldquo;enfermas&rdquo;. Adem\u00e1s, se comprometi\u00f3 a agilizar el desarrollo de este proyecto.\u00a0 @nacionalFm <\/p>\n<p>\u00a0 <\/p>\n","protected":false},"excerpt":{"rendered":"<p>Pacientes y m\u00e9dicos que acuden diariamente al Hospital del Ni\u00f1o <a href=\"https:\/\/sertv.gob.pa\/nacionalfm\/solicitan-acelerar-proceso-de-construccion-del-nuevo-hn\/\"> [&#8230;]<\/a><\/p>\n","protected":false},"author":1,"featured_media":154,"comment_status":"closed","ping_status":"closed","sticky":false,"template":"","format":"standard","meta":{"footnotes":""},"categories":[5],"tags":[],"class_list":["post-153","post","type-post","status-publish","format-standard","has-post-thumbnail","hentry","category-salud"],"_links":{"self":[{"href":"https:\/\/sertv.gob.pa\/nacionalfm\/wp-json\/wp\/v2\/posts\/153","targetHints":{"allow":["GET"]}}],"collection":[{"href":"https:\/\/sertv.gob.pa\/nacionalfm\/wp-json\/wp\/v2\/posts"}],"about":[{"href":"https:\/\/sertv.gob.pa\/nacionalfm\/wp-json\/wp\/v2\/types\/post"}],"author":[{"embeddable":true,"href":"https:\/\/sertv.gob.pa\/nacionalfm\/wp-json\/wp\/v2\/users\/1"}],"replies":[{"embeddable":true,"href":"https:\/\/sertv.gob.pa\/nacionalfm\/wp-json\/wp\/v2\/comments?post=153"}],"version-history":[{"count":0,"href":"https:\/\/sertv.gob.pa\/nacionalfm\/wp-json\/wp\/v2\/posts\/153\/revisions"}],"wp:featuredmedia":[{"embeddable":true,"href":"https:\/\/sertv.gob.pa\/nacionalfm\/wp-json\/wp\/v2\/media\/154"}],"wp:attachment":[{"href":"https:\/\/sertv.gob.pa\/nacionalfm\/wp-json\/wp\/v2\/media?parent=153"}],"wp:term":[{"taxonomy":"category","embeddable":true,"href":"https:\/\/sertv.gob.pa\/nacionalfm\/wp-json\/wp\/v2\/categories?post=153"},{"taxonomy":"post_tag","embeddable":true,"href":"https:\/\/sertv.gob.pa\/nacionalfm\/wp-json\/wp\/v2\/tags?post=153"}],"curies":[{"name":"wp","href":"https:\/\/api.w.org\/{rel}","templated":true}]}}