{"id":15311,"date":"2016-09-05T18:37:32","date_gmt":"2016-09-05T18:37:32","guid":{"rendered":""},"modified":"2016-09-05T18:37:32","modified_gmt":"2016-09-05T18:37:32","slug":"las-panteras-se-mantienen-en-primer-lugar-de-la-lpb","status":"publish","type":"post","link":"https:\/\/sertv.gob.pa\/nacionalfm\/las-panteras-se-mantienen-en-primer-lugar-de-la-lpb\/","title":{"rendered":"Las Panteras se mantienen en primer lugar de la LPB"},"content":{"rendered":"<p>\nEn la Liga Profesional de Baloncesto, las Panteras de Parque Lefevre se mantienen en el primer lugar, luego de vencer 75-51 a las \u00c1guilas de R\u00edo Abajo al completar seis fechas de la temporada 2016. <\/p>\n<p>Parque Lefevre alarg\u00f3 su racha a cinco victorias consecutivas, veng\u00f3 la derrota que le hab\u00eda propinado las \u00c1guilas en la fecha inaugural y dej\u00f3 su r\u00e9cord en 5-1, para mantenerse por encima de los Halcones de Calle P, que tambi\u00e9n ganaron su m\u00e1s reciente juego y tienen foja de 4-2. <\/p>\n<p>El refuerzo Javier Carter fue la figura de las Panteras, al anotar 18 puntos y puso el &ldquo;show&rdquo; con dos espectaculares clavadas. Luis Dinolis ayud\u00f3 con 16 unidades, Daniel King 13 y Brad Da Costa con 10 tantos. <\/p>\n<p>Carter tambi\u00e9n impuso autoridad en la pintura con 12 rebotes y Josimar Blenman captur\u00f3 11 y col\u00f3 siete puntos. <\/p>\n<p>Por las \u00c1guilas, Enrique Grenald Jr. encest\u00f3 14 y Nathaniel Butler 13. <\/p>\n","protected":false},"excerpt":{"rendered":"<p>En la Liga Profesional de Baloncesto, las Panteras de Parque <a href=\"https:\/\/sertv.gob.pa\/nacionalfm\/las-panteras-se-mantienen-en-primer-lugar-de-la-lpb\/\"> [&#8230;]<\/a><\/p>\n","protected":false},"author":1,"featured_media":15312,"comment_status":"closed","ping_status":"closed","sticky":false,"template":"","format":"standard","meta":{"footnotes":""},"categories":[4],"tags":[],"class_list":["post-15311","post","type-post","status-publish","format-standard","has-post-thumbnail","hentry","category-deportes"],"_links":{"self":[{"href":"https:\/\/sertv.gob.pa\/nacionalfm\/wp-json\/wp\/v2\/posts\/15311","targetHints":{"allow":["GET"]}}],"collection":[{"href":"https:\/\/sertv.gob.pa\/nacionalfm\/wp-json\/wp\/v2\/posts"}],"about":[{"href":"https:\/\/sertv.gob.pa\/nacionalfm\/wp-json\/wp\/v2\/types\/post"}],"author":[{"embeddable":true,"href":"https:\/\/sertv.gob.pa\/nacionalfm\/wp-json\/wp\/v2\/users\/1"}],"replies":[{"embeddable":true,"href":"https:\/\/sertv.gob.pa\/nacionalfm\/wp-json\/wp\/v2\/comments?post=15311"}],"version-history":[{"count":0,"href":"https:\/\/sertv.gob.pa\/nacionalfm\/wp-json\/wp\/v2\/posts\/15311\/revisions"}],"wp:featuredmedia":[{"embeddable":true,"href":"https:\/\/sertv.gob.pa\/nacionalfm\/wp-json\/wp\/v2\/media\/15312"}],"wp:attachment":[{"href":"https:\/\/sertv.gob.pa\/nacionalfm\/wp-json\/wp\/v2\/media?parent=15311"}],"wp:term":[{"taxonomy":"category","embeddable":true,"href":"https:\/\/sertv.gob.pa\/nacionalfm\/wp-json\/wp\/v2\/categories?post=15311"},{"taxonomy":"post_tag","embeddable":true,"href":"https:\/\/sertv.gob.pa\/nacionalfm\/wp-json\/wp\/v2\/tags?post=15311"}],"curies":[{"name":"wp","href":"https:\/\/api.w.org\/{rel}","templated":true}]}}