{"id":15317,"date":"2016-09-05T19:44:07","date_gmt":"2016-09-05T19:44:07","guid":{"rendered":""},"modified":"2016-09-05T19:44:07","modified_gmt":"2016-09-05T19:44:07","slug":"tauro-empata-ante-el-santa-gema-pero-se-mantiene-lider","status":"publish","type":"post","link":"https:\/\/sertv.gob.pa\/nacionalfm\/tauro-empata-ante-el-santa-gema-pero-se-mantiene-lider\/","title":{"rendered":"Tauro empata ante el Santa Gema, pero se mantiene l\u00edder"},"content":{"rendered":"<p>\nEl Tauro FC empata a 0 goles ante el Santa Gema, al finalizar la octava jornada, pero se mantiene l\u00edder absoluto en el Torneo Apertura 2016 de la Liga Paname\u00f1a de F\u00fatbol.\u00a0 <\/p>\n<p>Los albinegros dispusieron de unas cuantas ocasiones claras de gol, pero entre la mala punter\u00eda de sus delanteros y las buenas intervenciones de Melgar, no pudieron deshacer el empate. <\/p>\n<p>El Alianza FC venci\u00f3 al Atl\u00e9tico Verag\u00fcense 2 goles por 0, <\/p>\n<p>El Alianza FC venci\u00f3 al Atl\u00e9tico Verag\u00fcense 2 goles por 0, el Plaza Amador se llev\u00f3 la victoria ante el \u00a0Chorrillo en igual marcador de 2-0, El Atl\u00e9tico Nacional logr\u00f3 victoria sobre el \u00c1rabe Unido 0 a 1, en el estadio Armando Dely Vald\u00e9s de la Ciudad de Col\u00f3n. <\/p>\n<p>San Francisco FC y Sporting SM protagonizaron un partido muy movido en el estadio Rommel Fern\u00e1ndez, en el que los monjes terminaron llev\u00e1ndose la victoria por marcador de 1-0. <\/p>\n<p>\u00a0 <\/p>\n","protected":false},"excerpt":{"rendered":"<p>El Tauro FC empata a 0 goles ante el Santa <a href=\"https:\/\/sertv.gob.pa\/nacionalfm\/tauro-empata-ante-el-santa-gema-pero-se-mantiene-lider\/\"> [&#8230;]<\/a><\/p>\n","protected":false},"author":1,"featured_media":15318,"comment_status":"closed","ping_status":"closed","sticky":false,"template":"","format":"standard","meta":{"footnotes":""},"categories":[4],"tags":[],"class_list":["post-15317","post","type-post","status-publish","format-standard","has-post-thumbnail","hentry","category-deportes"],"_links":{"self":[{"href":"https:\/\/sertv.gob.pa\/nacionalfm\/wp-json\/wp\/v2\/posts\/15317","targetHints":{"allow":["GET"]}}],"collection":[{"href":"https:\/\/sertv.gob.pa\/nacionalfm\/wp-json\/wp\/v2\/posts"}],"about":[{"href":"https:\/\/sertv.gob.pa\/nacionalfm\/wp-json\/wp\/v2\/types\/post"}],"author":[{"embeddable":true,"href":"https:\/\/sertv.gob.pa\/nacionalfm\/wp-json\/wp\/v2\/users\/1"}],"replies":[{"embeddable":true,"href":"https:\/\/sertv.gob.pa\/nacionalfm\/wp-json\/wp\/v2\/comments?post=15317"}],"version-history":[{"count":0,"href":"https:\/\/sertv.gob.pa\/nacionalfm\/wp-json\/wp\/v2\/posts\/15317\/revisions"}],"wp:featuredmedia":[{"embeddable":true,"href":"https:\/\/sertv.gob.pa\/nacionalfm\/wp-json\/wp\/v2\/media\/15318"}],"wp:attachment":[{"href":"https:\/\/sertv.gob.pa\/nacionalfm\/wp-json\/wp\/v2\/media?parent=15317"}],"wp:term":[{"taxonomy":"category","embeddable":true,"href":"https:\/\/sertv.gob.pa\/nacionalfm\/wp-json\/wp\/v2\/categories?post=15317"},{"taxonomy":"post_tag","embeddable":true,"href":"https:\/\/sertv.gob.pa\/nacionalfm\/wp-json\/wp\/v2\/tags?post=15317"}],"curies":[{"name":"wp","href":"https:\/\/api.w.org\/{rel}","templated":true}]}}