{"id":15319,"date":"2016-09-05T19:49:00","date_gmt":"2016-09-05T19:49:00","guid":{"rendered":""},"modified":"2016-09-05T19:49:00","modified_gmt":"2016-09-05T19:49:00","slug":"continuan-las-vacunas-contra-la-influenza-a-h1n1","status":"publish","type":"post","link":"https:\/\/sertv.gob.pa\/nacionalfm\/continuan-las-vacunas-contra-la-influenza-a-h1n1\/","title":{"rendered":"Contin\u00faan las vacunas contra la influenza A H1N1"},"content":{"rendered":"<p>\nM\u00e1s de 200 dosis contra la influenza A H1N1 coloc\u00f3 el Ministerio de Salud (Minsa) en la provincia de Los Santos durante el fin de semana. <\/p>\n<p>Carlos Mu\u00f1oz, epidemi\u00f3logo en la regional de esa provincia, manifest\u00f3 que mantendr\u00e1n la campa\u00f1a y durante todos los fines de semanas del mes de septiembre estar\u00e1n colocando la vacuna contra la influenza. <\/p>\n<p>Explic\u00f3 que es preventivo porque en el mes de junio hubo un brote epidemiol\u00f3go y temen que pueda repetirse. <\/p>\n<p>En junio salieron positivos 27 casos de influenza en la provincia de Los Santos. <\/p>\n<p>La gripe A H1N1 este a\u00f1o mand\u00f3 a la tumba a m\u00e1s de 30 personas en todo el pa\u00eds y activ\u00f3 todas las alarmas sanitarias. <\/p>\n<p>\u00a0 <\/p>\n","protected":false},"excerpt":{"rendered":"<p>M\u00e1s de 200 dosis contra la influenza A H1N1 coloc\u00f3 <a href=\"https:\/\/sertv.gob.pa\/nacionalfm\/continuan-las-vacunas-contra-la-influenza-a-h1n1\/\"> [&#8230;]<\/a><\/p>\n","protected":false},"author":1,"featured_media":15320,"comment_status":"closed","ping_status":"closed","sticky":false,"template":"","format":"standard","meta":{"footnotes":""},"categories":[5],"tags":[],"class_list":["post-15319","post","type-post","status-publish","format-standard","has-post-thumbnail","hentry","category-salud"],"_links":{"self":[{"href":"https:\/\/sertv.gob.pa\/nacionalfm\/wp-json\/wp\/v2\/posts\/15319","targetHints":{"allow":["GET"]}}],"collection":[{"href":"https:\/\/sertv.gob.pa\/nacionalfm\/wp-json\/wp\/v2\/posts"}],"about":[{"href":"https:\/\/sertv.gob.pa\/nacionalfm\/wp-json\/wp\/v2\/types\/post"}],"author":[{"embeddable":true,"href":"https:\/\/sertv.gob.pa\/nacionalfm\/wp-json\/wp\/v2\/users\/1"}],"replies":[{"embeddable":true,"href":"https:\/\/sertv.gob.pa\/nacionalfm\/wp-json\/wp\/v2\/comments?post=15319"}],"version-history":[{"count":0,"href":"https:\/\/sertv.gob.pa\/nacionalfm\/wp-json\/wp\/v2\/posts\/15319\/revisions"}],"wp:featuredmedia":[{"embeddable":true,"href":"https:\/\/sertv.gob.pa\/nacionalfm\/wp-json\/wp\/v2\/media\/15320"}],"wp:attachment":[{"href":"https:\/\/sertv.gob.pa\/nacionalfm\/wp-json\/wp\/v2\/media?parent=15319"}],"wp:term":[{"taxonomy":"category","embeddable":true,"href":"https:\/\/sertv.gob.pa\/nacionalfm\/wp-json\/wp\/v2\/categories?post=15319"},{"taxonomy":"post_tag","embeddable":true,"href":"https:\/\/sertv.gob.pa\/nacionalfm\/wp-json\/wp\/v2\/tags?post=15319"}],"curies":[{"name":"wp","href":"https:\/\/api.w.org\/{rel}","templated":true}]}}