{"id":15333,"date":"2016-09-06T14:50:10","date_gmt":"2016-09-06T14:50:10","guid":{"rendered":""},"modified":"2016-09-06T14:50:10","modified_gmt":"2016-09-06T14:50:10","slug":"bolillo-gomez-define-alineacion-para-partido-panama-costa-rica","status":"publish","type":"post","link":"https:\/\/sertv.gob.pa\/nacionalfm\/bolillo-gomez-define-alineacion-para-partido-panama-costa-rica\/","title":{"rendered":"\u201cBolillo\u201d G\u00f3mez define alineaci\u00f3n para partido Panam\u00e1-Costa Rica"},"content":{"rendered":"<p>\nEsta noche Panam\u00e1 se enfrenta a la Selecci\u00f3n de Costa Rica en el El Estadio Nacional de San Jos\u00e9, en partido que definir\u00e1 las posiciones en el Grupo B de las eliminatorias de la CONCACAF, con miras al Mundial Rusia 2018, luego de clasificar al hexagonal al vencer a Jamaica. <\/p>\n<p>El director t\u00e9cnico Hern\u00e1n &ldquo;El Bolillo&rdquo; G\u00f3mez dio a conocer la alineaci\u00f3n en el marco estar\u00e1 Jos\u00e9 Calder\u00f3n, quien tendr\u00e1 como l\u00ednea defensiva delante de \u00e9l a Michael Amir Murillo, Richard Dixon, Fidel Escobar y Luis Ovalle. <\/p>\n<p>En la mediacancha estar\u00e1n Miguel Camargo, Am\u00edlcar Henr\u00edquez, Manuel Vargas y \u00c9dgar Yoel B\u00e1rcenas. <\/p>\n<p>Adelante el t\u00e9cnico G\u00f3mez tendr\u00e1 a Roberto Nurse mientras que Ricardo Buitrago jugar\u00e1 un tanto atrasado. <\/p>\n<p>\u00a0 <\/p>\n","protected":false},"excerpt":{"rendered":"<p>Esta noche Panam\u00e1 se enfrenta a la Selecci\u00f3n de Costa <a href=\"https:\/\/sertv.gob.pa\/nacionalfm\/bolillo-gomez-define-alineacion-para-partido-panama-costa-rica\/\"> [&#8230;]<\/a><\/p>\n","protected":false},"author":1,"featured_media":15334,"comment_status":"closed","ping_status":"closed","sticky":false,"template":"","format":"standard","meta":{"footnotes":""},"categories":[4],"tags":[],"class_list":["post-15333","post","type-post","status-publish","format-standard","has-post-thumbnail","hentry","category-deportes"],"_links":{"self":[{"href":"https:\/\/sertv.gob.pa\/nacionalfm\/wp-json\/wp\/v2\/posts\/15333","targetHints":{"allow":["GET"]}}],"collection":[{"href":"https:\/\/sertv.gob.pa\/nacionalfm\/wp-json\/wp\/v2\/posts"}],"about":[{"href":"https:\/\/sertv.gob.pa\/nacionalfm\/wp-json\/wp\/v2\/types\/post"}],"author":[{"embeddable":true,"href":"https:\/\/sertv.gob.pa\/nacionalfm\/wp-json\/wp\/v2\/users\/1"}],"replies":[{"embeddable":true,"href":"https:\/\/sertv.gob.pa\/nacionalfm\/wp-json\/wp\/v2\/comments?post=15333"}],"version-history":[{"count":0,"href":"https:\/\/sertv.gob.pa\/nacionalfm\/wp-json\/wp\/v2\/posts\/15333\/revisions"}],"wp:featuredmedia":[{"embeddable":true,"href":"https:\/\/sertv.gob.pa\/nacionalfm\/wp-json\/wp\/v2\/media\/15334"}],"wp:attachment":[{"href":"https:\/\/sertv.gob.pa\/nacionalfm\/wp-json\/wp\/v2\/media?parent=15333"}],"wp:term":[{"taxonomy":"category","embeddable":true,"href":"https:\/\/sertv.gob.pa\/nacionalfm\/wp-json\/wp\/v2\/categories?post=15333"},{"taxonomy":"post_tag","embeddable":true,"href":"https:\/\/sertv.gob.pa\/nacionalfm\/wp-json\/wp\/v2\/tags?post=15333"}],"curies":[{"name":"wp","href":"https:\/\/api.w.org\/{rel}","templated":true}]}}