{"id":15339,"date":"2016-09-06T15:26:00","date_gmt":"2016-09-06T15:26:00","guid":{"rendered":""},"modified":"2016-09-06T15:26:00","modified_gmt":"2016-09-06T15:26:00","slug":"un-reto-personal-considera-chemito-moreno-su-bout-con-yamanaka","status":"publish","type":"post","link":"https:\/\/sertv.gob.pa\/nacionalfm\/un-reto-personal-considera-chemito-moreno-su-bout-con-yamanaka\/","title":{"rendered":"Un reto personal considera \u201cChemito\u201d Moreno su bout con Yamanaka"},"content":{"rendered":"<p>\nAnselmo &ldquo;Chemito&rdquo; Moreno dio a conocer en exclusiva a Nacional FM, antes de partir a Osaka, Jap\u00f3n donde disputar\u00e1 el t\u00edtulo gallo del Consejo Mundi al de Boxeo al titular Shinsuke Yamanaka, que el encuentro ante el japon\u00e9s se ha convertido en un reto personal. <\/p>\n<p>&ldquo;Chemito&rdquo; Moreno expres\u00f3 que \u00e9l sabe que Yamanaka es un buen boxeador y, el japon\u00e9s tambi\u00e9n sabe lo que tiene enfrente por lo que los dos saben a lo que van a enfrentar, por el eso el estilista paname\u00f1o considera que vencerlo ser\u00e1 un gran reto. <\/p>\n<p>El entrenador del p\u00fagil Jos\u00e9 Murillo exterioriz\u00f3 que esperaba que &ldquo;Chemito&rdquo; partiera de Panam\u00e1 con 3 libras arriba de las 118 libras, el pasado s\u00e1bado entr\u00f3 antes del entrenamiento en 123 libras. <\/p>\n<p>El combate se llevar\u00e1 a cabo el pr\u00f3ximo 16 de septiembre en Osaka, Jap\u00f3n. <\/p>\n","protected":false},"excerpt":{"rendered":"<p>Anselmo &ldquo;Chemito&rdquo; Moreno dio a conocer en exclusiva a Nacional <a href=\"https:\/\/sertv.gob.pa\/nacionalfm\/un-reto-personal-considera-chemito-moreno-su-bout-con-yamanaka\/\"> [&#8230;]<\/a><\/p>\n","protected":false},"author":1,"featured_media":15340,"comment_status":"closed","ping_status":"closed","sticky":false,"template":"","format":"standard","meta":{"footnotes":""},"categories":[4],"tags":[],"class_list":["post-15339","post","type-post","status-publish","format-standard","has-post-thumbnail","hentry","category-deportes"],"_links":{"self":[{"href":"https:\/\/sertv.gob.pa\/nacionalfm\/wp-json\/wp\/v2\/posts\/15339","targetHints":{"allow":["GET"]}}],"collection":[{"href":"https:\/\/sertv.gob.pa\/nacionalfm\/wp-json\/wp\/v2\/posts"}],"about":[{"href":"https:\/\/sertv.gob.pa\/nacionalfm\/wp-json\/wp\/v2\/types\/post"}],"author":[{"embeddable":true,"href":"https:\/\/sertv.gob.pa\/nacionalfm\/wp-json\/wp\/v2\/users\/1"}],"replies":[{"embeddable":true,"href":"https:\/\/sertv.gob.pa\/nacionalfm\/wp-json\/wp\/v2\/comments?post=15339"}],"version-history":[{"count":0,"href":"https:\/\/sertv.gob.pa\/nacionalfm\/wp-json\/wp\/v2\/posts\/15339\/revisions"}],"wp:featuredmedia":[{"embeddable":true,"href":"https:\/\/sertv.gob.pa\/nacionalfm\/wp-json\/wp\/v2\/media\/15340"}],"wp:attachment":[{"href":"https:\/\/sertv.gob.pa\/nacionalfm\/wp-json\/wp\/v2\/media?parent=15339"}],"wp:term":[{"taxonomy":"category","embeddable":true,"href":"https:\/\/sertv.gob.pa\/nacionalfm\/wp-json\/wp\/v2\/categories?post=15339"},{"taxonomy":"post_tag","embeddable":true,"href":"https:\/\/sertv.gob.pa\/nacionalfm\/wp-json\/wp\/v2\/tags?post=15339"}],"curies":[{"name":"wp","href":"https:\/\/api.w.org\/{rel}","templated":true}]}}