{"id":15353,"date":"2016-09-06T18:45:49","date_gmt":"2016-09-06T18:45:49","guid":{"rendered":""},"modified":"2016-09-06T18:45:49","modified_gmt":"2016-09-06T18:45:49","slug":"fundacion-psoriasis-de-panama-tendra-su-carrera-caminata","status":"publish","type":"post","link":"https:\/\/sertv.gob.pa\/nacionalfm\/fundacion-psoriasis-de-panama-tendra-su-carrera-caminata\/","title":{"rendered":"Fundaci\u00f3n Psoriasis de Panam\u00e1 tendr\u00e1 su carrera-caminata"},"content":{"rendered":"<p>\nEn Panam\u00e1 no hay cifras oficiales sobre la psoriasis, una enfermedad cr\u00f3nica de la piel que presenta brotes y manchas rojas con escamas. <\/p>\n<p>No obstante, seg\u00fan cifras mundiales, el 2% de la poblaci\u00f3n paname\u00f1a sufre de este mal, es decir, unas 60 mil personas. <\/p>\n<p>La  Fundaci\u00f3n Psoriasis de Panam\u00e1  efect\u00faa varias actividades al a\u00f1o para recaudar fondos y as\u00ed apoyar a las personas que la padecen. <\/p>\n<p>Una de ellas es la carrera caminata, que este a\u00f1o ser\u00e1 el  17 de septiembre en la cinta costera, gazebo 5, desde las 4:00 p.m ., indicaron los organizadores. <\/p>\n<p>Para m\u00e1s detalles del evento escribir a  psoriasispanama@gmail.com  o llamar a 387-8096. <\/p>\n<p>Hace unos d\u00edas la fundaci\u00f3n present\u00f3 su campa\u00f1a  &ldquo;T\u00fa no est\u00e1s solo, queremos conocer tu historia&rdquo; . <\/p>\n<p>Esta iniciativa incluye una encuesta que se puede responder en la p\u00e1gina de la fundaci\u00f3n  www.psoriasispanama.org , en sus redes sociales o v\u00eda telef\u00f3nica. <\/p>\n<p>El prop\u00f3sito de la encuesta es llegar a las personas que padecen este mal en el pa\u00eds. <\/p>\n<p>\u00a0 <\/p>\n","protected":false},"excerpt":{"rendered":"<p>En Panam\u00e1 no hay cifras oficiales sobre la psoriasis, una <a href=\"https:\/\/sertv.gob.pa\/nacionalfm\/fundacion-psoriasis-de-panama-tendra-su-carrera-caminata\/\"> [&#8230;]<\/a><\/p>\n","protected":false},"author":1,"featured_media":15354,"comment_status":"closed","ping_status":"closed","sticky":false,"template":"","format":"standard","meta":{"footnotes":""},"categories":[5],"tags":[],"class_list":["post-15353","post","type-post","status-publish","format-standard","has-post-thumbnail","hentry","category-salud"],"_links":{"self":[{"href":"https:\/\/sertv.gob.pa\/nacionalfm\/wp-json\/wp\/v2\/posts\/15353","targetHints":{"allow":["GET"]}}],"collection":[{"href":"https:\/\/sertv.gob.pa\/nacionalfm\/wp-json\/wp\/v2\/posts"}],"about":[{"href":"https:\/\/sertv.gob.pa\/nacionalfm\/wp-json\/wp\/v2\/types\/post"}],"author":[{"embeddable":true,"href":"https:\/\/sertv.gob.pa\/nacionalfm\/wp-json\/wp\/v2\/users\/1"}],"replies":[{"embeddable":true,"href":"https:\/\/sertv.gob.pa\/nacionalfm\/wp-json\/wp\/v2\/comments?post=15353"}],"version-history":[{"count":0,"href":"https:\/\/sertv.gob.pa\/nacionalfm\/wp-json\/wp\/v2\/posts\/15353\/revisions"}],"wp:featuredmedia":[{"embeddable":true,"href":"https:\/\/sertv.gob.pa\/nacionalfm\/wp-json\/wp\/v2\/media\/15354"}],"wp:attachment":[{"href":"https:\/\/sertv.gob.pa\/nacionalfm\/wp-json\/wp\/v2\/media?parent=15353"}],"wp:term":[{"taxonomy":"category","embeddable":true,"href":"https:\/\/sertv.gob.pa\/nacionalfm\/wp-json\/wp\/v2\/categories?post=15353"},{"taxonomy":"post_tag","embeddable":true,"href":"https:\/\/sertv.gob.pa\/nacionalfm\/wp-json\/wp\/v2\/tags?post=15353"}],"curies":[{"name":"wp","href":"https:\/\/api.w.org\/{rel}","templated":true}]}}