{"id":15357,"date":"2016-09-06T19:07:18","date_gmt":"2016-09-06T19:07:18","guid":{"rendered":""},"modified":"2016-09-06T19:07:18","modified_gmt":"2016-09-06T19:07:18","slug":"el-burkini-es-apropiado-para-evitar-cancer-de-piel","status":"publish","type":"post","link":"https:\/\/sertv.gob.pa\/nacionalfm\/el-burkini-es-apropiado-para-evitar-cancer-de-piel\/","title":{"rendered":"El \u00abburkini\u00bb es apropiado para evitar c\u00e1ncer de piel"},"content":{"rendered":"<p>\nEl controvertido \u00abburkini\u00bb, el ba\u00f1ador \u00edntegro utilizado por mujeres musulmanas observantes, es una forma \u00abapropiada\u00bb para evitar melanomas, opin\u00f3 en Viena un experto durante el d\u00e9cimo sexto Congreso Mundial de C\u00e1ncer de piel. <\/p>\n<p>Claus Garbe, el presidente de la Asociaci\u00f3n Europea de Dermato-Onc\u00f3logos, explic\u00f3 a Efe sus recomendaciones m\u00e1s importantes: \u00abno hacer nudismo\u00bb y \u00abno exponerse al sol\u00bb. Y en caso de s\u00ed hacerlo, el m\u00e9dico pidi\u00f3 que sea siempre \u00abcon el cuerpo cubierto por completo\u00bb, tal y como ocurre con el \u00abburkini\u00bb. <\/p>\n<p>Estas recomendaciones no tienen ninguna connotaci\u00f3n religiosa ni buscan entrometerse en el debate pol\u00edtico y jur\u00eddico acerca de una prenda que ha suscitado tanta pol\u00e9mica este verano en Francia, asegur\u00f3 el m\u00e9dico alem\u00e1n. <\/p>\n<p>Lo que pretenden expertos en la materia es concienciar a hombres y mujeres de todas las edades de que \u00abla crema solar no protege\u00bb del c\u00e1ncer de piel, asegur\u00f3 el tambi\u00e9n profesor de la Universidad Eberhard Karls de Tubinga (Alemania). <\/p>\n<p>\u00abSolo sirven para protegernos de las quemaduras, no de los rayos ultravioleta que provocan las mutaciones que afectan a la piel y derivan en un melanoma\u00bb, explic\u00f3 Garbe. <\/p>\n<p>Para que una crema solar con factor 50 tenga el efecto necesario \u00abtendr\u00edamos que utilizar casi medio bote de crema por sesi\u00f3n\u00bb de playa o piscina, o sea, unos 40 mililitros, asegur\u00f3 el m\u00e9dico. <\/p>\n<p>La cantidad habitual que un ba\u00f1ista utiliza cuando se expone al sol da una \u00abprotecci\u00f3n real de factor 5\u00bb, agreg\u00f3. Para ilustrar su advertencia, el m\u00e9dico alem\u00e1n record\u00f3 que en su pa\u00eds de origen han aumentado \u00abdram\u00e1ticamente\u00bb los casos de melanomas -tumores pigmentados- desde 1950. <\/p>\n<p>Ese a\u00f1o se registr\u00f3 un caso de melanoma por cada 100.000 habitantes; en 1970 eran tres casos, en 1990 eran ocho y en 2010 se registraron 25 casos por ese mismo n\u00famero de ciudadanos. <\/p>\n<p>Para el a\u00f1o 2030, Garbe estima que la cifra aumente a 34 casos por 100.000 habitantes, lo que equivale a un crecimiento del 325 por ciento respecto a 1990. <\/p>\n<p>Adem\u00e1s, el profesor alem\u00e1n no ve \u00abposibilidades\u00bb de que lleguen a desarrollarse cremas que protejan realmente del melanoma. <\/p>\n<p>\u00a0 <\/p>\n","protected":false},"excerpt":{"rendered":"<p>El controvertido \u00abburkini\u00bb, el ba\u00f1ador \u00edntegro utilizado por mujeres musulmanas <a href=\"https:\/\/sertv.gob.pa\/nacionalfm\/el-burkini-es-apropiado-para-evitar-cancer-de-piel\/\"> [&#8230;]<\/a><\/p>\n","protected":false},"author":1,"featured_media":15358,"comment_status":"closed","ping_status":"closed","sticky":false,"template":"","format":"standard","meta":{"footnotes":""},"categories":[5],"tags":[],"class_list":["post-15357","post","type-post","status-publish","format-standard","has-post-thumbnail","hentry","category-salud"],"_links":{"self":[{"href":"https:\/\/sertv.gob.pa\/nacionalfm\/wp-json\/wp\/v2\/posts\/15357","targetHints":{"allow":["GET"]}}],"collection":[{"href":"https:\/\/sertv.gob.pa\/nacionalfm\/wp-json\/wp\/v2\/posts"}],"about":[{"href":"https:\/\/sertv.gob.pa\/nacionalfm\/wp-json\/wp\/v2\/types\/post"}],"author":[{"embeddable":true,"href":"https:\/\/sertv.gob.pa\/nacionalfm\/wp-json\/wp\/v2\/users\/1"}],"replies":[{"embeddable":true,"href":"https:\/\/sertv.gob.pa\/nacionalfm\/wp-json\/wp\/v2\/comments?post=15357"}],"version-history":[{"count":0,"href":"https:\/\/sertv.gob.pa\/nacionalfm\/wp-json\/wp\/v2\/posts\/15357\/revisions"}],"wp:featuredmedia":[{"embeddable":true,"href":"https:\/\/sertv.gob.pa\/nacionalfm\/wp-json\/wp\/v2\/media\/15358"}],"wp:attachment":[{"href":"https:\/\/sertv.gob.pa\/nacionalfm\/wp-json\/wp\/v2\/media?parent=15357"}],"wp:term":[{"taxonomy":"category","embeddable":true,"href":"https:\/\/sertv.gob.pa\/nacionalfm\/wp-json\/wp\/v2\/categories?post=15357"},{"taxonomy":"post_tag","embeddable":true,"href":"https:\/\/sertv.gob.pa\/nacionalfm\/wp-json\/wp\/v2\/tags?post=15357"}],"curies":[{"name":"wp","href":"https:\/\/api.w.org\/{rel}","templated":true}]}}