{"id":15359,"date":"2016-09-06T21:34:40","date_gmt":"2016-09-06T21:34:40","guid":{"rendered":""},"modified":"2016-09-06T21:34:40","modified_gmt":"2016-09-06T21:34:40","slug":"se-cae-pelea-huertas-arboleda-colombiano-reemplaza-al-olimpico","status":"publish","type":"post","link":"https:\/\/sertv.gob.pa\/nacionalfm\/se-cae-pelea-huertas-arboleda-colombiano-reemplaza-al-olimpico\/","title":{"rendered":"Se cae pelea Huertas-Arboleda, colombiano  reemplaza al Ol\u00edmpico"},"content":{"rendered":"<p>\nEl promotor Rogelio Espinho dio a conocer en el programa Entre Cuerdas que dirige Marcos &ldquo;Poncha&rdquo; Mendoza, que la esperada pelea entre Juan &ldquo;El Ol\u00edmpico&rdquo; Huertas y Jaime Arboleda se vino abajo debido a que el primero desech\u00f3 la oferta. <\/p>\n<p>El p\u00fagil colombiano Eder Espitia reemplaza &ldquo;Al Ol\u00edmpico&rdquo; Huertas, en esta cartelera que se efectuar\u00e1 el pr\u00f3ximo 13 de octubre en el Centro de Convenciones Vasco N\u00fa\u00f1ez de Balboa del Hotel Panam\u00e1. <\/p>\n<p>Eder Espitia tiene un palmar\u00e9s de 10 victorias una sola derrota 4 empates, con 8 ganadas por K.O., mientras que Arboleda se encuentra invicto con 8 victorias, 0 derrotas con 6 ganadas por la v\u00eda r\u00e1pida. <\/p>\n<p>La \u00fanica derrota de Espitia fue ante el peruano Carlos &ldquo;Mina&rdquo; Zambrano, campe\u00f3n interino de las 126 libras de la Asociaci\u00f3n Mundial de Boxeo, en disputa del t\u00edtulo sudamericano, por decisi\u00f3n un\u00e1nime de los jueces. <\/p>\n<p>\u00a0 <\/p>\n","protected":false},"excerpt":{"rendered":"<p>El promotor Rogelio Espinho dio a conocer en el programa <a href=\"https:\/\/sertv.gob.pa\/nacionalfm\/se-cae-pelea-huertas-arboleda-colombiano-reemplaza-al-olimpico\/\"> [&#8230;]<\/a><\/p>\n","protected":false},"author":1,"featured_media":15360,"comment_status":"closed","ping_status":"closed","sticky":false,"template":"","format":"standard","meta":{"footnotes":""},"categories":[4],"tags":[],"class_list":["post-15359","post","type-post","status-publish","format-standard","has-post-thumbnail","hentry","category-deportes"],"_links":{"self":[{"href":"https:\/\/sertv.gob.pa\/nacionalfm\/wp-json\/wp\/v2\/posts\/15359","targetHints":{"allow":["GET"]}}],"collection":[{"href":"https:\/\/sertv.gob.pa\/nacionalfm\/wp-json\/wp\/v2\/posts"}],"about":[{"href":"https:\/\/sertv.gob.pa\/nacionalfm\/wp-json\/wp\/v2\/types\/post"}],"author":[{"embeddable":true,"href":"https:\/\/sertv.gob.pa\/nacionalfm\/wp-json\/wp\/v2\/users\/1"}],"replies":[{"embeddable":true,"href":"https:\/\/sertv.gob.pa\/nacionalfm\/wp-json\/wp\/v2\/comments?post=15359"}],"version-history":[{"count":0,"href":"https:\/\/sertv.gob.pa\/nacionalfm\/wp-json\/wp\/v2\/posts\/15359\/revisions"}],"wp:featuredmedia":[{"embeddable":true,"href":"https:\/\/sertv.gob.pa\/nacionalfm\/wp-json\/wp\/v2\/media\/15360"}],"wp:attachment":[{"href":"https:\/\/sertv.gob.pa\/nacionalfm\/wp-json\/wp\/v2\/media?parent=15359"}],"wp:term":[{"taxonomy":"category","embeddable":true,"href":"https:\/\/sertv.gob.pa\/nacionalfm\/wp-json\/wp\/v2\/categories?post=15359"},{"taxonomy":"post_tag","embeddable":true,"href":"https:\/\/sertv.gob.pa\/nacionalfm\/wp-json\/wp\/v2\/tags?post=15359"}],"curies":[{"name":"wp","href":"https:\/\/api.w.org\/{rel}","templated":true}]}}