{"id":15361,"date":"2016-09-06T21:48:22","date_gmt":"2016-09-06T21:48:22","guid":{"rendered":""},"modified":"2016-09-06T21:48:22","modified_gmt":"2016-09-06T21:48:22","slug":"federacion-tica-cuestiona-estado-de-gramilla-de-estadio-nacional","status":"publish","type":"post","link":"https:\/\/sertv.gob.pa\/nacionalfm\/federacion-tica-cuestiona-estado-de-gramilla-de-estadio-nacional\/","title":{"rendered":"Federaci\u00f3n tica cuestiona estado de gramilla de Estadio Nacional"},"content":{"rendered":"<p>\nEn la Federaci\u00f3n Costarricense de F\u00fatbol (FEDEFUTBOL) hay molestia por el mal estado de la cancha del Estadio Nacional, donde esta noche la Selecci\u00f3n Mayor recibir\u00e1 a Panam\u00e1, a partir de las 7:30 p. m. <\/p>\n<p>El que una parte del c\u00e9sped luzca maltratado y que tenga arena no es bien visto por parte del ente federativo, que paga un millonario alquiler por el inmueble de La Sabana. <\/p>\n<p>Rafael  Fello  Vargas, secretario de la Fedef\u00fatbol, afirma que nunca en los cinco a\u00f1os que tiene la  Tricolor  de jugar ah\u00ed, la gramilla ha lucido tan mal como ahora. <\/p>\n<p>\u00a0 <\/p>\n","protected":false},"excerpt":{"rendered":"<p>En la Federaci\u00f3n Costarricense de F\u00fatbol (FEDEFUTBOL) hay molestia por <a href=\"https:\/\/sertv.gob.pa\/nacionalfm\/federacion-tica-cuestiona-estado-de-gramilla-de-estadio-nacional\/\"> [&#8230;]<\/a><\/p>\n","protected":false},"author":1,"featured_media":15362,"comment_status":"closed","ping_status":"closed","sticky":false,"template":"","format":"standard","meta":{"footnotes":""},"categories":[4],"tags":[],"class_list":["post-15361","post","type-post","status-publish","format-standard","has-post-thumbnail","hentry","category-deportes"],"_links":{"self":[{"href":"https:\/\/sertv.gob.pa\/nacionalfm\/wp-json\/wp\/v2\/posts\/15361","targetHints":{"allow":["GET"]}}],"collection":[{"href":"https:\/\/sertv.gob.pa\/nacionalfm\/wp-json\/wp\/v2\/posts"}],"about":[{"href":"https:\/\/sertv.gob.pa\/nacionalfm\/wp-json\/wp\/v2\/types\/post"}],"author":[{"embeddable":true,"href":"https:\/\/sertv.gob.pa\/nacionalfm\/wp-json\/wp\/v2\/users\/1"}],"replies":[{"embeddable":true,"href":"https:\/\/sertv.gob.pa\/nacionalfm\/wp-json\/wp\/v2\/comments?post=15361"}],"version-history":[{"count":0,"href":"https:\/\/sertv.gob.pa\/nacionalfm\/wp-json\/wp\/v2\/posts\/15361\/revisions"}],"wp:featuredmedia":[{"embeddable":true,"href":"https:\/\/sertv.gob.pa\/nacionalfm\/wp-json\/wp\/v2\/media\/15362"}],"wp:attachment":[{"href":"https:\/\/sertv.gob.pa\/nacionalfm\/wp-json\/wp\/v2\/media?parent=15361"}],"wp:term":[{"taxonomy":"category","embeddable":true,"href":"https:\/\/sertv.gob.pa\/nacionalfm\/wp-json\/wp\/v2\/categories?post=15361"},{"taxonomy":"post_tag","embeddable":true,"href":"https:\/\/sertv.gob.pa\/nacionalfm\/wp-json\/wp\/v2\/tags?post=15361"}],"curies":[{"name":"wp","href":"https:\/\/api.w.org\/{rel}","templated":true}]}}